{"id":3791,"__str__":"OFPS N\u00ba 457/2025 - Of\u00edcios do Prefeito e Secretarias","link_detail_backend":"/docadm/3791","metadata":{"signs":{"texto_integral":{"admin":[],"autores":[["Leandro Ferreira Luiz Fedossi",["2025-09-10T07:21:14-04:00","ICP-Brasil"]]]}}},"numero":457,"complemento":"","ano":2025,"data":"2025-09-11","interessado":"Luciano Leal","dias_prazo":null,"data_fim_prazo":null,"tramitacao":false,"assunto":"Of. n\u00ba 593/2025/GAB/PREF, Resposta da Indica\u00e7\u00e3o n\u00ba 399/2025, de autoria do Vereador Luciano Leal de Sousa, do Partido Podemos, com coautoria das Vereadora Gabriela Carneiro Delgado, do Partido MDB, M\u00e1rcia Batista Lobo Grigolo, do Partido Podemos, e dos Vereadores Jos\u00e9 Benedito de Oliveira Machado, do Uni\u00e3o Brasil, Edeildo Gon\u00e7alves dos Santos, do PSDB, Willian da Silva Moraes, do Republicanos, Fabio Zanata, do Partido MDB, Adelar Belo, do Partido PT, Alessandro Moreira Chaves, do Partido PSDB, Josenildo do Nascimento, do PT, e Vereador Quemuel de Alencar Florentino,do Uni\u00e3o Brasil.","numero_externo":null,"observacao":"","texto_integral":"http://sapl.novaandradina.ms.leg.br/media/sapl/private/documentoadministrativo/3791/ind._399-25..pdf","restrito":false,"ip":"200.124.64.20","ultima_edicao":"2025-09-11T09:11:08.018938-03:00","tipo":9,"protocolo":8014,"autor":null,"user":8,"anexados":[],"materiasvinculadas":[4246]}