{"id":952,"__str__":"PARECER RELATOR ESPECIAL n\u00ba 12 de 2021","link_detail_backend":"/materia/952","metadata":{},"numero":12,"ano":2021,"numero_protocolo":960,"data_apresentacao":"2021-03-19","tipo_apresentacao":"E","data_publicacao":null,"numero_origem_externa":"","ano_origem_externa":null,"data_origem_externa":null,"apelido":"","dias_prazo":null,"data_fim_prazo":null,"em_tramitacao":false,"polemica":false,"objeto":"","complementar":false,"ementa":"ASSUNTO: Projeto de Lei Complementar N\u00ba 02, de 08 de Mar\u00e7o de 2021 que \u201cDisp\u00f5e sobre altera\u00e7\u00e3o do zoneamento territorial do Munic\u00edpio de Nova Andradina \u2013 MS, e d\u00e1 outras provid\u00eancias\u201d.","indexacao":"","observacao":"","resultado":"","texto_original":"http://sapl.novaandradina.ms.leg.br/media/sapl/public/materialegislativa/2021/952/parecer_no_12-2021-_plc_02_-prefeito_municipal.doc","data_ultima_atualizacao":"2021-12-16T12:12:25.926590-03:00","ip":"200.124.64.20","ultima_edicao":"2021-12-16T12:12:25.926371-03:00","tipo":11,"regime_tramitacao":1,"tipo_origem_externa":null,"local_origem_externa":null,"user":8,"anexadas":[],"autores":[13,15]}