{"id":4967,"__str__":"INDICA\u00c7\u00c3O n\u00ba 102 de 2026","link_detail_backend":"/materia/4967","metadata":{"signs":{"texto_original":{"admin":[],"autores":[["Edeildo Goncalves dos Santos",["2026-04-14T11:06:13-04:00","ICP-Brasil"]],["Fabio Zanata",["2026-04-14T11:11:54-04:00","ICP-Brasil"]],["Jose Benedito de Oliveira Machado",["2026-04-14T10:52:10-04:00","ICP-Brasil"]]]}}},"numero":102,"ano":2026,"numero_protocolo":400,"data_apresentacao":"2026-04-09","tipo_apresentacao":"","data_publicacao":null,"numero_origem_externa":"","ano_origem_externa":null,"data_origem_externa":null,"apelido":"","dias_prazo":null,"data_fim_prazo":null,"em_tramitacao":true,"polemica":false,"objeto":"","complementar":false,"ementa":"Os Vereadores que a esta subscrevem, nos termos regimentais vigentes depois de ter ouvido o Plen\u00e1rio, INDICAM \u00c0 MESA DIRETORA, que seja encaminhado expediente ao Prefeito Municipal, Sr. LEANDRO FERREIRA LUIZ FEDOSSI, e ao Secret\u00e1rio Municipal de Servi\u00e7os P\u00fablicos, Sr. RAPHAEL AUGUSTO PERP\u00c9TUO, reiterando as indica\u00e7\u00f5es 362/2023, 45/2024 e 76/2025 para a implanta\u00e7\u00e3o de uma faixa elevada na Rua Santo Ant\u00f4nio, 144 Vila Beatriz em frente ao CEINF Paulo da Silva Fattor:\r\na)\r\nSeguran\u00e7a das Crian\u00e7as: A \u00e1rea em quest\u00e3o \u00e9 de grande movimenta\u00e7\u00e3o, especialmente durante os hor\u00e1rios de entrada e sa\u00edda das crian\u00e7as nas duas unidades escolares localizadas na mesma quadra. A presen\u00e7a de um quebra-molas ajudaria a reduzir a velocidade dos ve\u00edculos, proporcionando um ambiente mais seguro para os alunos.","indexacao":"b)\r\nAumento do Fluxo de Pedestres: Com a proximidade das escolas, \u00e9 comum que pais e respons\u00e1veis acompanhem as crian\u00e7as at\u00e9 a entrada, aumentando o fluxo de pedestres na via. A instala\u00e7\u00e3o do quebra-molas contribuiria para a seguran\u00e7a de todos, evitando acidentes.\r\nc)\r\nMelhoria na Mobilidade Urbana: A ondula\u00e7\u00e3o transversal tamb\u00e9m ajudaria a organizar o tr\u00e1fego local, promovendo uma melhor fluidez e seguran\u00e7a nas imedia\u00e7\u00f5es das escolas, especialmente em hor\u00e1rios de pico.","observacao":"","resultado":"","texto_original":"http://sapl.novaandradina.ms.leg.br/media/sapl/public/materialegislativa/2026/4967/ind_102_fabio_dito._edeildo.pdf","data_ultima_atualizacao":"2026-04-14T12:53:48.749130-03:00","ip":"200.124.64.20","ultima_edicao":"2026-04-14T12:53:46.278743-03:00","tipo":8,"regime_tramitacao":1,"tipo_origem_externa":null,"local_origem_externa":null,"user":8,"anexadas":[],"autores":[22,54,23]}