{"id":4966,"__str__":"REQUERIMENTO n\u00ba 35 de 2026","link_detail_backend":"/materia/4966","metadata":{"signs":{"texto_original":{"admin":[],"autores":[["Marcia Batista Lobo Grigolo",["2026-04-14T11:35:11-04:00","ICP-Brasil"]]]}}},"numero":35,"ano":2026,"numero_protocolo":399,"data_apresentacao":"2026-04-09","tipo_apresentacao":"","data_publicacao":null,"numero_origem_externa":"","ano_origem_externa":null,"data_origem_externa":null,"apelido":"","dias_prazo":null,"data_fim_prazo":null,"em_tramitacao":true,"polemica":false,"objeto":"","complementar":false,"ementa":"A Vereadora que a esta subscreve nos termos regimentais vigentes, depois de ouvido o Plen\u00e1rio, REQUER \u00c0 MESA DIRETORA, que seja encaminhado ao Presidente da C\u00e2mara municipal de Nova Andradina, Sr. FABIO ZANATA, requerendo a realiza\u00e7\u00e3o de uma Sess\u00e3o Solene no Plen\u00e1rio da C\u00e2mara Municipal, no dia 02 de junho de 2026, em homenagem ao Dia da imprensa.","indexacao":"","observacao":"","resultado":"","texto_original":"http://sapl.novaandradina.ms.leg.br/media/sapl/public/materialegislativa/2026/4966/req_35_marcia.pdf","data_ultima_atualizacao":"2026-04-14T13:08:20.873827-03:00","ip":"200.124.64.20","ultima_edicao":"2026-04-14T13:08:18.418865-03:00","tipo":3,"regime_tramitacao":1,"tipo_origem_externa":null,"local_origem_externa":null,"user":8,"anexadas":[],"autores":[26]}