{"id":4962,"__str__":"REQUERIMENTO n\u00ba 31 de 2026","link_detail_backend":"/materia/4962","metadata":{"signs":{"texto_original":{"admin":[],"autores":[["Gabriela Carneiro Delgado",["2026-04-14T10:44:05-04:00","ICP-Brasil"]]]}}},"numero":31,"ano":2026,"numero_protocolo":395,"data_apresentacao":"2026-04-09","tipo_apresentacao":"","data_publicacao":null,"numero_origem_externa":"","ano_origem_externa":null,"data_origem_externa":null,"apelido":"","dias_prazo":null,"data_fim_prazo":null,"em_tramitacao":true,"polemica":false,"objeto":"","complementar":false,"ementa":"A Vereadora que a esta subscreve, nos termos regimentais vigentes, depois de ouvido o Plen\u00e1rio, REQUER \u00c0 MESA DIRETORA, que seja encaminhado expediente ao Prefeito Municipal, Sr. LEANDRO FERREIRA LUIZ FEDOSSI, ao Secret\u00e1rio Municipal de Sa\u00fade, Sr. HERMES SANTOS, solicitando informa\u00e7\u00f5es referentes aos pacientes diagnosticados com Transtorno do Espectro Autista (TEA) atendidos pelo CRENA \u2013 Centro de Refer\u00eancia Especializada, nas \u00e1reas de Psicopedagogia, Fonoaudiologia, Terapia Ocupacional e Psicologia:\r\n\u2022 Quantidade de pacientes diagnosticados com TEA que aguardam na fila de espera para atendimento, separados por especialidade;\r\n\u2022 Quantidade de pacientes com diagn\u00f3stico de TEA que est\u00e3o em acompanhamento em cada especialidade;","indexacao":"\u2022 Referente aos profissionais atuantes no CRENA: quantidade atual de profissionais por especialidade (psic\u00f3logos, psicopedagogos, fonoaudi\u00f3logos e terapeutas ocupacionais), carga hor\u00e1ria individual de cada profissional e n\u00famero de atendimentos realizados diariamente por profissional.","observacao":"","resultado":"","texto_original":"http://sapl.novaandradina.ms.leg.br/media/sapl/public/materialegislativa/2026/4962/req_31_gabriela.pdf","data_ultima_atualizacao":"2026-04-14T13:06:00.675776-03:00","ip":"200.124.64.20","ultima_edicao":"2026-04-14T13:05:58.233951-03:00","tipo":3,"regime_tramitacao":1,"tipo_origem_externa":null,"local_origem_externa":null,"user":8,"anexadas":[],"autores":[24]}