{"id":4539,"__str__":"INDICA\u00c7\u00c3O n\u00ba 531 de 2025","link_detail_backend":"/materia/4539","metadata":{"signs":{"texto_original":{"admin":[],"autores":[["Marcia Batista Lobo Grigolo",["2025-11-11T07:47:22-04:00","ICP-Brasil"]]]}}},"numero":531,"ano":2025,"numero_protocolo":2100,"data_apresentacao":"2025-11-06","tipo_apresentacao":"","data_publicacao":null,"numero_origem_externa":"","ano_origem_externa":null,"data_origem_externa":null,"apelido":"","dias_prazo":null,"data_fim_prazo":null,"em_tramitacao":true,"polemica":false,"objeto":"","complementar":false,"ementa":"A Vereadora que a esta subscreve nos termos regimentais vigentes, depois de ouvido o Plen\u00e1rio, INDICA \u00c0 MESA DIRETORA, que seja encaminhado expediente ao Secret\u00e1rio Estadual de Sa\u00fade, Sr. MAUR\u00cdCIO SIM\u00d5ES, ao Deputado Estadual, Sr. PEDRO ARLEI CARAVINA, com c\u00f3pia ao Prefeito Municipal, Sr. LEANDRO FERREIRA LUIZ FEDOSSI, e ao Secret\u00e1rio Municipal de Sa\u00fade, Sr. HERMES SANTOS, solicitando a doa\u00e7\u00e3o do im\u00f3vel onde se localiza o CRENA (Centro de Reabilita\u00e7\u00e3o de Nova Andradina), CEO (Centro de Especialidades Odontol\u00f3gicas) e o N\u00facleo de Sa\u00fade, com matricula 24403 para o munic\u00edpio.","indexacao":"","observacao":"","resultado":"","texto_original":"http://sapl.novaandradina.ms.leg.br/media/sapl/public/materialegislativa/2025/4539/ind_531_marcia.pdf","data_ultima_atualizacao":"2025-11-11T11:11:57.514674-03:00","ip":"200.124.64.20","ultima_edicao":"2025-11-11T11:11:55.274835-03:00","tipo":8,"regime_tramitacao":1,"tipo_origem_externa":null,"local_origem_externa":null,"user":8,"anexadas":[],"autores":[26]}