{"id":4516,"__str__":"REQUERIMENTO n\u00ba 113 de 2025","link_detail_backend":"/materia/4516","metadata":{"signs":{"texto_original":{"admin":[],"autores":[["Adelar Belo",["2025-10-28T09:25:05-04:00","ICP-Brasil"]],["Alessandro Moreira Chaves",["2025-10-28T08:09:42-04:00","ICP-Brasil"]],["Edeildo Goncalves dos Santos",["2025-10-28T09:12:07-04:00","ICP-Brasil"]],["Fabio Zanata",["2025-10-28T10:09:47-04:00","ICP-Brasil"]],["Gabriela Carneiro Delgado",["2025-10-28T09:38:47-04:00","ICP-Brasil"]],["Jose Benedito de Oliveira Machado",["2025-10-28T08:19:48-04:00","ICP-Brasil"]],["Luciano Leal de Sousa",["2025-10-28T08:36:27-04:00","ICP-Brasil - Certificado PF A3"]],["Marcia Batista Lobo Grigolo",["2025-10-28T08:26:12-04:00","ICP-Brasil"]],["Naleu Cavalcante",["2025-10-28T09:00:30-04:00","ICP-Brasil"]],["Quemuel de Alencar Florentino",["2025-10-28T08:48:12-04:00","ICP-Brasil"]],["Willian da Silva Moraes",["2025-10-28T08:46:13-03:00","ICP-Brasil"]]]}}},"numero":113,"ano":2025,"numero_protocolo":2022,"data_apresentacao":"2025-10-28","tipo_apresentacao":"E","data_publicacao":null,"numero_origem_externa":"","ano_origem_externa":null,"data_origem_externa":null,"apelido":"","dias_prazo":null,"data_fim_prazo":null,"em_tramitacao":false,"polemica":false,"objeto":"","complementar":false,"ementa":"REQUEREM \u00c0 MESA DIRETORA, que o Projeto abaixo discriminado seja considerado em REGIME DE URG\u00caNCIA ESPECIAL, entrando na presente Sess\u00e3o Ordin\u00e1ria em 1\u00aa discuss\u00e3o e vota\u00e7\u00e3o, dispensando as normas regimentais em contr\u00e1rio: \r\nPROJETO DE LEI N\u00ba 29, de 20 de Outubro de 2025. Disp\u00f5e sobre a autoriza\u00e7\u00e3o ao Poder Executivo Municipal de abertura de cr\u00e9dito suplementar por excesso de arrecada\u00e7\u00e3o or\u00e7ament\u00e1ria, e d\u00e1 outras provid\u00eancias.","indexacao":"","observacao":"","resultado":"","texto_original":"http://sapl.novaandradina.ms.leg.br/media/sapl/public/materialegislativa/2025/4516/req_113_vereadores_subscritos.pdf","data_ultima_atualizacao":"2025-10-28T13:53:16.280480-03:00","ip":"200.124.64.20","ultima_edicao":"2025-10-28T13:53:01.446727-03:00","tipo":3,"regime_tramitacao":1,"tipo_origem_externa":null,"local_origem_externa":null,"user":8,"anexadas":[],"autores":[13]}