{"id":4514,"__str__":"REQUERIMENTO n\u00ba 111 de 2025","link_detail_backend":"/materia/4514","metadata":{"signs":{"texto_original":{"admin":[],"autores":[["Adelar Belo",["2025-10-28T09:26:42-04:00","ICP-Brasil"]],["Alessandro Moreira Chaves",["2025-10-28T08:08:39-04:00","ICP-Brasil"]],["Edeildo Goncalves dos Santos",["2025-10-28T09:10:31-04:00","ICP-Brasil"]],["Fabio Zanata",["2025-10-28T10:08:15-04:00","ICP-Brasil"]],["Gabriela Carneiro Delgado",["2025-10-28T09:37:17-04:00","ICP-Brasil"]],["Jose Benedito de Oliveira Machado",["2025-10-28T08:18:28-04:00","ICP-Brasil"]],["Luciano Leal de Sousa",["2025-10-28T08:35:04-04:00","ICP-Brasil - Certificado PF A3"]],["Marcia Batista Lobo Grigolo",["2025-10-28T08:27:17-04:00","ICP-Brasil"]],["Naleu Cavalcante",["2025-10-28T08:58:52-04:00","ICP-Brasil"]],["Quemuel de Alencar Florentino",["2025-10-28T08:47:19-04:00","ICP-Brasil"]],["Willian da Silva Moraes",["2025-10-28T08:45:03-03:00","ICP-Brasil"]]]}}},"numero":111,"ano":2025,"numero_protocolo":2020,"data_apresentacao":"2025-10-28","tipo_apresentacao":"E","data_publicacao":null,"numero_origem_externa":"","ano_origem_externa":null,"data_origem_externa":null,"apelido":"","dias_prazo":null,"data_fim_prazo":null,"em_tramitacao":false,"polemica":false,"objeto":"","complementar":false,"ementa":"REQUEREM \u00c0 MESA DIRETORA, que o Projeto abaixo discriminado seja considerado em REGIME DE URG\u00caNCIA ESPECIAL, entrando na presente Sess\u00e3o Ordin\u00e1ria em 1\u00aa discuss\u00e3o e vota\u00e7\u00e3o, dispensando as normas regimentais em contr\u00e1rio:  \r\n \r\n \r\nPROJETO DE LEI N\u00ba 27, de 20 de Outubro de 2025. Disp\u00f5e sobre a autoriza\u00e7\u00e3o ao Poder Executivo Municipal de abertura de cr\u00e9dito suplementar por anula\u00e7\u00e3o de dota\u00e7\u00e3o or\u00e7ament\u00e1ria, e d\u00e1 outras provid\u00eancias.","indexacao":"","observacao":"","resultado":"","texto_original":"http://sapl.novaandradina.ms.leg.br/media/sapl/public/materialegislativa/2025/4514/req_111_vereadores_subscritos.pdf","data_ultima_atualizacao":"2025-10-28T14:04:18.827075-03:00","ip":"200.124.64.20","ultima_edicao":"2025-10-28T14:04:02.329487-03:00","tipo":3,"regime_tramitacao":1,"tipo_origem_externa":null,"local_origem_externa":null,"user":8,"anexadas":[],"autores":[23]}