{"id":4513,"__str__":"PARECER DAS COMISS\u00d5ES PERMANENTES n\u00ba 78 de 2025","link_detail_backend":"/materia/4513","metadata":{"signs":{"texto_original":{"admin":[],"autores":[["Gabriela Carneiro Delgado",["2025-10-30T09:18:59-04:00","ICP-Brasil"]],["Josenildo do Nascimento",["2025-11-03T08:31:35-04:00","ICP-Brasil"]],["Marcia Batista Lobo Grigolo",["2025-10-30T08:41:53-04:00","ICP-Brasil"]]]}}},"numero":78,"ano":2025,"numero_protocolo":2019,"data_apresentacao":"2025-10-28","tipo_apresentacao":"E","data_publicacao":null,"numero_origem_externa":"","ano_origem_externa":null,"data_origem_externa":null,"apelido":"","dias_prazo":null,"data_fim_prazo":null,"em_tramitacao":false,"polemica":false,"objeto":"","complementar":false,"ementa":"PARECER DAS COMISS\u00d5ES DE JUSTI\u00c7A E REDA\u00c7\u00c3O,  N\u00ba. 78, 28 DE OUTUBRO DE 2025\r\nASSUNTO: PROJETO DE DECRETO LEGISLATIVO N\u00ba. 05, de 07 DE OUTUBRO de 2025 que \u201cConcede T\u00edtulo de Cidad\u00e3o Honor\u00e1rio do Munic\u00edpio de Nova Andradina, Estado de Mato Grosso do Sul, a Senhor ADEMIR PEREIRA DA SILVA, e d\u00e1 outras provid\u00eancias\u201d.","indexacao":"","observacao":"","resultado":"","texto_original":"http://sapl.novaandradina.ms.leg.br/media/sapl/public/materialegislativa/2025/4513/parecer_no_78-2025_-_pdl_03_-_2025.pdf","data_ultima_atualizacao":"2025-11-03T09:42:47.284454-03:00","ip":"200.124.64.20","ultima_edicao":"2025-10-28T14:08:06.647922-03:00","tipo":18,"regime_tramitacao":1,"tipo_origem_externa":null,"local_origem_externa":null,"user":8,"anexadas":[],"autores":[13]}