{"id":4483,"__str__":"MO\u00c7\u00c3O n\u00ba 60 de 2025","link_detail_backend":"/materia/4483","metadata":{"signs":{"texto_original":{"admin":[],"autores":[["Adelar Belo",["2025-10-28T09:29:33-04:00","ICP-Brasil"]],["Alessandro Moreira Chaves",["2025-10-28T08:10:23-04:00","ICP-Brasil"]],["Edeildo Goncalves dos Santos",["2025-10-28T09:06:13-04:00","ICP-Brasil"]],["Fabio Zanata",["2025-10-28T10:02:51-04:00","ICP-Brasil"]],["Gabriela Carneiro Delgado",["2025-10-28T09:34:04-04:00","ICP-Brasil"]],["Jose Benedito de Oliveira Machado",["2025-10-28T08:14:27-04:00","ICP-Brasil"]],["Luciano Leal de Sousa",["2025-10-28T08:30:58-04:00","ICP-Brasil - Certificado PF A3"]],["Marcia Batista Lobo Grigolo",["2025-10-28T08:21:29-04:00","ICP-Brasil"]],["Naleu Cavalcante",["2025-10-28T08:56:09-04:00","ICP-Brasil"]],["Quemuel de Alencar Florentino",["2025-10-28T08:43:20-04:00","ICP-Brasil"]],["Willian da Silva Moraes",["2025-10-28T10:02:37-03:00","ICP-Brasil"]],["Wilson Almeida da Silva:92525300106",["2025-10-28T09:52:56-04:00",""]]]}}},"numero":60,"ano":2025,"numero_protocolo":1970,"data_apresentacao":"2025-10-22","tipo_apresentacao":"","data_publicacao":null,"numero_origem_externa":"","ano_origem_externa":null,"data_origem_externa":null,"apelido":"","dias_prazo":null,"data_fim_prazo":null,"em_tramitacao":true,"polemica":false,"objeto":"","complementar":false,"ementa":"O Vereador que a esta subscreve nos termos regimentais vigentes, depois de ouvido o Plen\u00e1rio, REQUER \u00c0 MESA DIRETORA, que seja encaminhada MO\u00c7\u00c3O DE PARABENIZA\u00c7\u00c3O ao Sr. ALDO PEREIRA DE OLIVEIRA, profissional da constru\u00e7\u00e3o civil, pela sua trajet\u00f3ria de dedica\u00e7\u00e3o, compet\u00eancia e compromisso com o desenvolvimento de nossa cidade, em especial por ocasi\u00e3o do dia 26 de outubro, data em que celebramos o Dia do Trabalhador da Constru\u00e7\u00e3o Civil.","indexacao":"","observacao":"","resultado":"","texto_original":"http://sapl.novaandradina.ms.leg.br/media/sapl/public/materialegislativa/2025/4483/60_-_mocao_de_parabenizacao_-_deildo_..pdf","data_ultima_atualizacao":"2025-10-28T12:53:00.463844-03:00","ip":"200.124.64.20","ultima_edicao":"2025-10-28T12:52:42.853166-03:00","tipo":7,"regime_tramitacao":1,"tipo_origem_externa":null,"local_origem_externa":null,"user":8,"anexadas":[],"autores":[55,41,22,54,23,24,28,26,56,57,53,52,30]}