{"id":4448,"__str__":"REQUERIMENTO n\u00ba 104 de 2025","link_detail_backend":"/materia/4448","metadata":{"signs":{"texto_original":{"admin":[],"autores":[["Adelar Belo",["2025-10-14T10:53:02-04:00","ICP-Brasil"]],["Alessandro Moreira Chaves",["2025-10-14T11:17:48-04:00","ICP-Brasil"]],["Edeildo Goncalves dos Santos",["2025-10-14T08:46:23-04:00","ICP-Brasil"]],["Fabio Zanata",["2025-10-14T10:41:02-04:00","ICP-Brasil"]],["Gabriela Carneiro Delgado",["2025-10-14T09:10:21-04:00","ICP-Brasil"]],["Jose Benedito de Oliveira Machado",["2025-10-14T07:49:48-04:00","ICP-Brasil"]],["Luciano Leal de Sousa",["2025-10-14T09:56:05-04:00","ICP-Brasil - Certificado PF A3"]],["Marcia Batista Lobo Grigolo",["2025-10-14T08:08:32-04:00","ICP-Brasil"]],["Naleu Cavalcante",["2025-10-14T12:20:28-04:00","ICP-Brasil"]],["Quemuel de Alencar Florentino",["2025-10-14T10:13:38-04:00","ICP-Brasil"]],["Willian da Silva Moraes",["2025-10-14T07:57:59-03:00","ICP-Brasil"]]]}}},"numero":104,"ano":2025,"numero_protocolo":1852,"data_apresentacao":"2025-10-14","tipo_apresentacao":"E","data_publicacao":null,"numero_origem_externa":"","ano_origem_externa":null,"data_origem_externa":null,"apelido":"","dias_prazo":null,"data_fim_prazo":null,"em_tramitacao":false,"polemica":false,"objeto":"","complementar":false,"ementa":"REQUEREM \u00c0 MESA DIRETORA, que o Projeto abaixo discriminado seja considerado em REGIME DE URG\u00caNCIA ESPECIAL, entrando na presente Sess\u00e3o Ordin\u00e1ria em 1\u00aa discuss\u00e3o e vota\u00e7\u00e3o, dispensando as normas regimentais em contr\u00e1rio:\r\nPROJETO DE LEI N\u00ba 23, de 10 de Outubro de 2025. Disp\u00f5e sobre a abertura de cr\u00e9dito suplementar no or\u00e7amento vigente da C\u00e2mara Municipal de Nova Andradina e d\u00e1 outras provid\u00eancias.","indexacao":"","observacao":"","resultado":"","texto_original":"http://sapl.novaandradina.ms.leg.br/media/sapl/public/materialegislativa/2025/4448/req_104_vereadores_subscritos.pdf","data_ultima_atualizacao":"2025-10-14T13:26:31.251230-03:00","ip":"200.124.64.20","ultima_edicao":"2025-10-14T13:26:14.515044-03:00","tipo":3,"regime_tramitacao":7,"tipo_origem_externa":null,"local_origem_externa":null,"user":8,"anexadas":[],"autores":[41,23,24,26,57]}