{"id":4247,"__str__":"INDICA\u00c7\u00c3O n\u00ba 400 de 2025","link_detail_backend":"/materia/4247","metadata":{"signs":{"texto_original":{"admin":[],"autores":[["Adelar Belo",["2025-08-26T10:09:13-04:00","ICP-Brasil"]],["Alessandro Moreira Chaves",["2025-08-26T07:46:54-04:00","ICP-Brasil"]],["Edeildo Goncalves dos Santos",["2025-08-26T09:36:49-04:00","ICP-Brasil"]],["Fabio Zanata",["2025-08-26T08:47:58-04:00","ICP-Brasil"]],["Gabriela Carneiro Delgado",["2025-08-26T08:32:25-04:00","ICP-Brasil"]],["Jose Benedito de Oliveira Machado",["2025-08-26T10:51:09-04:00","ICP-Brasil"]],["Josenildo do Nascimento",["2025-08-26T09:49:59-04:00","ICP-Brasil"]],["Luciano Leal de Sousa",["2025-08-26T08:08:18-04:00","ICP-Brasil - Certificado PF A3"]],["Marcia Batista Lobo Grigolo",["2025-08-26T09:16:38-04:00","ICP-Brasil"]],["Quemuel de Alencar Florentino",["2025-08-26T10:43:25-04:00","ICP-Brasil"]],["Willian da Silva Moraes",["2025-08-25T12:59:20-03:00","ICP-Brasil"]]]}}},"numero":400,"ano":2025,"numero_protocolo":1407,"data_apresentacao":"2025-08-22","tipo_apresentacao":"","data_publicacao":null,"numero_origem_externa":"","ano_origem_externa":null,"data_origem_externa":null,"apelido":"","dias_prazo":null,"data_fim_prazo":null,"em_tramitacao":true,"polemica":false,"objeto":"","complementar":false,"ementa":"Os Vereadores e as Vereadoras que a esta subscrevem, nos termos regimentais vigentes depois de ter ouvido o Plen\u00e1rio, INDICAM \u00c0 MESA DIRETORA, que seja encaminhado expediente ao Prefeito Municipal, Sr. LEANDRO FERREIRA LUIZ FEDOSSI, e ao Secret\u00e1rio de Infraestrutura, Sr. MOAMMAR MUHAMMAD EL ABED, e ao Diretor Da Ag\u00eancia De Habita\u00e7\u00e3o Municipal (AGEHNOVA), Sr. VICENTE DE SOUSA LICHOTI, solicitando aos \u00f3rg\u00e3os competentes da Administra\u00e7\u00e3o P\u00fablica a realiza\u00e7\u00e3o de estudo t\u00e9cnico de viabilidade para implanta\u00e7\u00e3o de Programa Habitacional na \u00e1rea situada na Divisa do Conjunto Habitacional Randolfo Jareta com o Quinh\u00e3o da Fazenda Nova Orl\u00e2ndia e Fazenda Boa Esperan\u00e7a , no per\u00edmetro urbano deste Munic\u00edpio.","indexacao":"","observacao":"","resultado":"","texto_original":"http://sapl.novaandradina.ms.leg.br/media/sapl/public/materialegislativa/2025/4247/ind_400_luciano_willian_deildo_adelar_alemao_quemuel_fabio_dito_ceara_marcia_gabriela.pdf","data_ultima_atualizacao":"2025-08-26T12:03:44.251459-03:00","ip":"200.124.64.20","ultima_edicao":"2025-08-26T12:03:19.026460-03:00","tipo":8,"regime_tramitacao":1,"tipo_origem_externa":null,"local_origem_externa":null,"user":8,"anexadas":[],"autores":[55,41,22,54,23,24,28,26,57,53,52]}