{"id":4168,"__str__":"INDICA\u00c7\u00c3O n\u00ba 353 de 2025","link_detail_backend":"/materia/4168","metadata":{"signs":{"texto_original":{"admin":[],"autores":[["Gabriela Carneiro Delgado",["2025-07-16T08:39:10-04:00","ICP-Brasil"]],["Marcia Batista Lobo Grigolo",["2025-07-16T08:55:38-04:00","ICP-Brasil"]]]}}},"numero":353,"ano":2025,"numero_protocolo":1141,"data_apresentacao":"2025-07-10","tipo_apresentacao":"","data_publicacao":null,"numero_origem_externa":"","ano_origem_externa":null,"data_origem_externa":null,"apelido":"","dias_prazo":null,"data_fim_prazo":null,"em_tramitacao":true,"polemica":false,"objeto":"","complementar":false,"ementa":"As Vereadoras que a esta subscrevem, nos termos regimentais vigentes, depois de ouvido o Plen\u00e1rio, INDICAM \u00c0 MESA DIRETORA, que seja encaminhado expediente ao Prefeito Municipal, Sr. LEANDRO FERREIRA LUIZ FEDOSSI, \u00e0 Secret\u00e1ria Municipal de Cidadania e Assist\u00eancia Social, Sra. MARIA APARECIDA CORREA DOS SANTOS VALDEZ, e ao Diretor Geral da Ag\u00eancia de Habita\u00e7\u00e3o de Nova Andradina (AGEHNOVA), Sr. VICENTE DE SOUZA LICHOTTI, indicando que seja avaliada a possibilidade de retomar e instituir um programa de reparos emergenciais em unidades habitacionais de baixa renda, utilizando recursos do Fundo Municipal de Habita\u00e7\u00e3o de Interesse Social (FMHIS), com foco em:\r\n\u2022 Reparos em telhados, instala\u00e7\u00f5es el\u00e9tricas ou hidr\u00e1ulicas que apresentem riscos \u00e0 seguran\u00e7a;\r\n\u2022 Interven\u00e7\u00f5es emergenciais como o conserto de fossas s\u00e9pticas desabadas, que oferecem riscos sanit\u00e1rios e ambientais;\r\n\u2022 Manuten\u00e7\u00f5es estruturais b\u00e1sicas que garantam condi\u00e7\u00f5es m\u00ednimas de habitabilidade;","indexacao":"\u2022 Atendimento priorit\u00e1rio a fam\u00edlias com crian\u00e7as, idosos ou pessoas com defici\u00eancia.","observacao":"","resultado":"","texto_original":"http://sapl.novaandradina.ms.leg.br/media/sapl/public/materialegislativa/2025/4168/ind_353_gabriela_marcia.pdf","data_ultima_atualizacao":"2025-07-16T10:15:00.230976-03:00","ip":"200.124.64.20","ultima_edicao":"2025-07-16T10:14:55.080871-03:00","tipo":8,"regime_tramitacao":1,"tipo_origem_externa":null,"local_origem_externa":null,"user":10,"anexadas":[],"autores":[24,26]}