{"id":4150,"__str__":"INDICA\u00c7\u00c3O n\u00ba 340 de 2025","link_detail_backend":"/materia/4150","metadata":{"signs":{"texto_original":{"admin":[],"autores":[["Adelar Belo",["2025-07-08T08:43:59-04:00","ICP-Brasil"]],["Alessandro Moreira Chaves",["2025-07-08T10:25:47-04:00","ICP-Brasil"]],["Edeildo Goncalves dos Santos",["2025-07-08T10:09:54-04:00","ICP-Brasil"]],["Fabio Zanata",["2025-07-08T09:30:19-04:00","ICP-Brasil"]],["Gabriela Carneiro Delgado",["2025-07-08T08:00:48-04:00","ICP-Brasil"]],["Jose Benedito de Oliveira Machado",["2025-07-08T09:21:47-04:00","ICP-Brasil"]],["Josenildo do Nascimento",["2025-07-08T08:33:41-04:00","ICP-Brasil"]],["Luciano Leal de Sousa",["2025-07-08T10:19:34-04:00","ICP-Brasil - Certificado PF A3"]],["Naleu Cavalcante",["2025-07-08T10:39:33-04:00","ICP-Brasil"]],["Willian da Silva Moraes",["2025-07-08T08:22:54-03:00","ICP-Brasil"]]]}}},"numero":340,"ano":2025,"numero_protocolo":1120,"data_apresentacao":"2025-07-04","tipo_apresentacao":"","data_publicacao":null,"numero_origem_externa":"","ano_origem_externa":null,"data_origem_externa":null,"apelido":"","dias_prazo":null,"data_fim_prazo":null,"em_tramitacao":true,"polemica":false,"objeto":"","complementar":false,"ementa":"Os Vereadores e a Vereadora que a esta subscrevem nos termos regimentais vigentes depois de ter ouvido o Plen\u00e1rio, INDICAM \u00c0 MESA DIRETORA que seja encaminhado expediente ao Excelent\u00edssimo Senhor Prefeito Municipal, Sr. LEANDRO FERREIRA LUIZ FEDOSSI, bem como ao Senhor Secret\u00e1rio Municipal de Infraestrutura, Sr. MOAMMAR MUHAMMAD EL ABED, solicitando a realiza\u00e7\u00e3o de estudos t\u00e9cnicos e a ado\u00e7\u00e3o das provid\u00eancias cab\u00edveis para a reforma do Campo Esportivo localizado na quadra n.\u00ba  56, no trecho compreendido entre a Avenida Pedro Cassimiro Motta e a Rua Casa Verde, com a implanta\u00e7\u00e3o dos seguintes itens estruturais: \r\na) Realiza\u00e7\u00e3o de manuten\u00e7\u00e3o e nivelamento do gramado, assegurando a integridade f\u00edsica dos usu\u00e1rios e a funcionalidade do campo; \r\nb) Instala\u00e7\u00e3o de sistema de ilumina\u00e7\u00e3o, permitindo o uso do espa\u00e7o em per\u00edodos noturnos com seguran\u00e7a e efici\u00eancia energ\u00e9tica.","indexacao":"","observacao":"","resultado":"","texto_original":"http://sapl.novaandradina.ms.leg.br/media/sapl/public/materialegislativa/2025/4150/ind_340_luciano_ceara_adelar_naleu_deildo_dito_willian_alemao_fabio_gabriela.pdf","data_ultima_atualizacao":"2025-07-08T11:54:56.355141-03:00","ip":"200.124.64.20","ultima_edicao":"2025-07-08T11:54:39.830070-03:00","tipo":8,"regime_tramitacao":1,"tipo_origem_externa":null,"local_origem_externa":null,"user":8,"anexadas":[],"autores":[55,41,22,54,23,24,28,56,57,52]}