{"id":4074,"__str__":"INDICA\u00c7\u00c3O n\u00ba 294 de 2025","link_detail_backend":"/materia/4074","metadata":{"signs":{"texto_original":{"admin":[],"autores":[["Fabio Zanata",["2025-06-17T08:21:23-04:00","ICP-Brasil"]],["Gabriela Carneiro Delgado",["2025-06-17T08:15:01-04:00","ICP-Brasil"]],["Josenildo do Nascimento",["2025-06-17T07:58:44-04:00","ICP-Brasil"]],["Marcia Batista Lobo Grigolo",["2025-06-17T07:30:00-04:00","ICP-Brasil"]],["Quemuel de Alencar Florentino",["2025-06-17T07:26:40-04:00","ICP-Brasil"]],["Willian da Silva Moraes",["2025-06-17T08:08:42-03:00","ICP-Brasil"]]]}}},"numero":294,"ano":2025,"numero_protocolo":919,"data_apresentacao":"2025-06-13","tipo_apresentacao":"","data_publicacao":null,"numero_origem_externa":"","ano_origem_externa":null,"data_origem_externa":null,"apelido":"","dias_prazo":null,"data_fim_prazo":null,"em_tramitacao":true,"polemica":false,"objeto":"","complementar":false,"ementa":"As Vereadoras e os Vereadores que a esta subscrevem nos termos regimentais vigentes\r\ndepois de ter ouvido o Plen\u00e1rio, INDICAM \u00c0 MESA DIRETORA, que seja encaminhado\r\nexpediente ao Prefeito Municipal, Sr. LEANDRO FERREIRA LUIZ FEDOSSI, ao Secret\u00e1rio\r\nMunicipal de Finan\u00e7as e Gest\u00e3o, Sr. HERNANDES ORTIZ, e ao Secret\u00e1rio Municipal de\r\nPlanejamento e Administra\u00e7\u00e3o, Sr. DAVID TRINDADE GALIEGO, solicitando a cria\u00e7\u00e3o de\r\ncargo efetivo de Int\u00e9rprete de Libras \u2013 L\u00edngua Brasileira de Sinais \u2013 para atua\u00e7\u00e3o no apoio \u00e0\r\nacessibilidade nas reparti\u00e7\u00f5es p\u00fablicas, servi\u00e7os municipais e institui\u00e7\u00f5es de interesse coletivo.","indexacao":"","observacao":"","resultado":"","texto_original":"http://sapl.novaandradina.ms.leg.br/media/sapl/public/materialegislativa/2025/4074/ind_294_gabriela_fabio_ceara_marcia_willian_e_quemuel.pdf","data_ultima_atualizacao":"2025-06-17T09:55:02.601648-03:00","ip":"200.124.64.20","ultima_edicao":"2025-06-17T09:54:48.144605-03:00","tipo":8,"regime_tramitacao":1,"tipo_origem_externa":null,"local_origem_externa":null,"user":8,"anexadas":[],"autores":[23,24,28,26,53,52]}