{"id":4065,"__str__":"INDICA\u00c7\u00c3O n\u00ba 287 de 2025","link_detail_backend":"/materia/4065","metadata":{"signs":{"texto_original":{"admin":[],"autores":[["Fabio Zanata",["2025-06-17T08:20:15-04:00","ICP-Brasil"]],["Marcia Batista Lobo Grigolo",["2025-06-17T07:28:13-04:00","ICP-Brasil"]]]}}},"numero":287,"ano":2025,"numero_protocolo":910,"data_apresentacao":"2025-06-12","tipo_apresentacao":"","data_publicacao":null,"numero_origem_externa":"","ano_origem_externa":null,"data_origem_externa":null,"apelido":"","dias_prazo":null,"data_fim_prazo":null,"em_tramitacao":true,"polemica":false,"objeto":"","complementar":false,"ementa":"O Vereador e a Vereadora que a esta subscrevem nos termos regimentais vigentes\r\ndepois de ter ouvido o Plen\u00e1rio, INDICAM \u00c0 MESA DIRETORA, que seja encaminhado\r\nexpediente ao Prefeito Municipal, Sr. LEANDRO FERREIRA LUIZ FEDOSSI, ao\r\nSecret\u00e1rio Municipal de Servi\u00e7os P\u00fablicos, Sr. RAPHAEL AUGUSTO PERP\u00c9TUO, e ao\r\nDiretor do DEMTRAN, Sr. PEDRO GOMES SOARES, solicitando que o munic\u00edpio possa\r\nsubstituir o S\u00edmbolo Internacional de Acesso, a imagem da cadeira de rodas, pelo S\u00edmbolo\r\nInternacional de Acessibilidade, criado pelas Na\u00e7\u00f5es Unidas em 2015 em locais de\r\nacessibilidade no munic\u00edpio de Nova Andradina-MS.","indexacao":"","observacao":"","resultado":"","texto_original":"http://sapl.novaandradina.ms.leg.br/media/sapl/public/materialegislativa/2025/4065/ind_287_fabio_e_marcia.pdf","data_ultima_atualizacao":"2025-06-17T09:43:00.825234-03:00","ip":"200.124.64.20","ultima_edicao":"2025-06-17T09:42:55.804777-03:00","tipo":8,"regime_tramitacao":1,"tipo_origem_externa":null,"local_origem_externa":null,"user":8,"anexadas":[],"autores":[23,26]}