{"id":3996,"__str__":"PARECER DAS COMISS\u00d5ES PERMANENTES n\u00ba 23 de 2025","link_detail_backend":"/materia/3996","metadata":{"signs":{"texto_original":{"admin":[],"autores":[["Gabriela Carneiro Delgado",["2025-05-28T09:33:57-04:00","ICP-Brasil"]],["Josenildo do Nascimento",["2025-05-28T09:06:59-04:00","ICP-Brasil"]],["Luciano Leal de Sousa",["2025-05-28T08:40:58-04:00","ICP-Brasil - Certificado PF A3"]],["Marcia Batista Lobo Grigolo",["2025-05-28T09:13:34-04:00","ICP-Brasil"]],["Willian da Silva Moraes",["2025-05-28T09:17:43-03:00","ICP-Brasil"]]]}}},"numero":23,"ano":2025,"numero_protocolo":766,"data_apresentacao":"2025-05-27","tipo_apresentacao":"E","data_publicacao":null,"numero_origem_externa":"","ano_origem_externa":null,"data_origem_externa":null,"apelido":"","dias_prazo":null,"data_fim_prazo":null,"em_tramitacao":false,"polemica":false,"objeto":"","complementar":false,"ementa":"PARECER DAS COMISS\u00d5ES DE JUSTI\u00c7A E REDA\u00c7\u00c3O, DE DIREITOS HUMANOS, DAS QUEST\u00d5ES DE GENERO E MINORIAS N\u00ba. 23, DE 27 DE MAIO DE 2025 \r\nASSUNTO: PROJETO DE RESOLU\u00c7\u00c3O N\u00ba.02, de 08 de maio de 2025. \u201cInstitui a Procuradoria Especial de Defesa da Pessoa com Defici\u00eancia no \u00e2mbito da C\u00e2mara Municipal de Nova Andradina - MS, e d\u00e1 outras provid\u00eancias\u201d.","indexacao":"","observacao":"","resultado":"","texto_original":"http://sapl.novaandradina.ms.leg.br/media/sapl/public/materialegislativa/2025/3996/parecer_no_23-2025_-_pr_02_gabriela.pdf","data_ultima_atualizacao":"2025-05-28T12:10:17.189017-03:00","ip":"200.124.64.20","ultima_edicao":"2025-05-27T12:09:44.637780-03:00","tipo":18,"regime_tramitacao":1,"tipo_origem_externa":null,"local_origem_externa":null,"user":8,"anexadas":[],"autores":[18,13]}