{"id":3995,"__str__":"PARECER DAS COMISS\u00d5ES PERMANENTES n\u00ba 22 de 2025","link_detail_backend":"/materia/3995","metadata":{"signs":{"texto_original":{"admin":[],"autores":[["Gabriela Carneiro Delgado",["2025-05-28T09:34:55-04:00","ICP-Brasil"]],["Josenildo do Nascimento",["2025-05-28T09:06:23-04:00","ICP-Brasil"]],["Marcia Batista Lobo Grigolo",["2025-05-28T09:13:02-04:00","ICP-Brasil"]]]}}},"numero":22,"ano":2025,"numero_protocolo":null,"data_apresentacao":"2025-05-27","tipo_apresentacao":"E","data_publicacao":null,"numero_origem_externa":"","ano_origem_externa":null,"data_origem_externa":null,"apelido":"","dias_prazo":null,"data_fim_prazo":null,"em_tramitacao":false,"polemica":false,"objeto":"","complementar":false,"ementa":"PARECER DAS COMISS\u00d4ES DE JUSTI\u00c7A E REDA\u00c7\u00c3O, E DE N\u00ba. 22, DE 27 DE MAIO DE 2025\r\nASSUNTO: PROJETO DE LEI ORDIN\u00c1RIA N\u00ba. 11, de 07 de maio de 2025 \u201cDisp\u00f5e sobre a inclus\u00e3o da Festa do Agricultor, comemorada anualmente no dia 28 de julho, no Calend\u00e1rio Oficial de Eventos do Munic\u00edpio de Nova Andradina/MS, e d\u00e1 outras provid\u00eancias\u201d.","indexacao":"","observacao":"","resultado":"","texto_original":"http://sapl.novaandradina.ms.leg.br/media/sapl/public/materialegislativa/2025/3995/parecer_no_22-2025_-_pl_11_do_adelar.pdf","data_ultima_atualizacao":"2025-05-28T12:09:53.749985-03:00","ip":"200.124.64.20","ultima_edicao":"2025-05-27T12:04:39.070504-03:00","tipo":18,"regime_tramitacao":1,"tipo_origem_externa":null,"local_origem_externa":null,"user":8,"anexadas":[],"autores":[13]}