{"id":3970,"__str__":"MO\u00c7\u00c3O n\u00ba 23 de 2025","link_detail_backend":"/materia/3970","metadata":{"signs":{"texto_original":{"admin":[],"autores":[["Adelar Belo",["2025-05-27T09:55:51-04:00","ICP-Brasil"]],["Alessandro Moreira Chaves",["2025-05-27T08:37:23-04:00","ICP-Brasil"]],["Edeildo Goncalves dos Santos",["2025-05-27T09:30:49-04:00","ICP-Brasil"]],["Fabio Zanata",["2025-05-27T10:57:24-04:00","ICP-Brasil"]],["Gabriela Carneiro Delgado",["2025-05-27T10:17:21-04:00","ICP-Brasil"]],["Jose Benedito de Oliveira Machado",["2025-05-27T08:54:30-04:00","ICP-Brasil"]],["Luciano Leal de Sousa",["2025-05-27T08:28:31-04:00","ICP-Brasil - Certificado PF A3"]],["Marcia Batista Lobo Grigolo",["2025-05-27T09:00:20-04:00","ICP-Brasil"]],["Naleu Cavalcante",["2025-05-27T09:48:14-04:00","ICP-Brasil"]],["Quemuel de Alencar Florentino",["2025-05-27T09:14:45-04:00","ICP-Brasil"]],["Willian da Silva Moraes",["2025-05-27T08:19:31-03:00","ICP-Brasil"]],["Wilson Almeida da Silva",["2025-05-27T10:08:18-04:00","ICP-Brasil"]]]}}},"numero":23,"ano":2025,"numero_protocolo":738,"data_apresentacao":"2025-05-22","tipo_apresentacao":"","data_publicacao":null,"numero_origem_externa":"","ano_origem_externa":null,"data_origem_externa":null,"apelido":"","dias_prazo":null,"data_fim_prazo":null,"em_tramitacao":true,"polemica":false,"objeto":"","complementar":false,"ementa":"O Vereador que a esta subscreve nos termos regimentais vigentes, depois de ouvido o Plen\u00e1rio, REQUER \u00c0 MESA DIRETORA, que seja encaminhada MO\u00c7\u00c3O DE PARABENIZA\u00c7\u00c3O ao Comandante da Pol\u00edcia Militar do Munic\u00edpio de Nova Andradina-MS, Sr. TENENTE - CORONEL PM PAULO RENATO RIBEIRO, pela destacada e exemplar atua\u00e7\u00e3o \u00e0 frente da corpora\u00e7\u00e3o no munic\u00edpio, e pelos relevantes servi\u00e7os prestados \u00e0 seguran\u00e7a p\u00fablica e \u00e0 promo\u00e7\u00e3o da ordem e da paz social em nossa comunidade.","indexacao":"","observacao":"","resultado":"","texto_original":"http://sapl.novaandradina.ms.leg.br/media/sapl/public/materialegislativa/2025/3970/23_-_mocao_de_parabenizacao_-_dito.pdf","data_ultima_atualizacao":"2025-05-27T13:33:50.177435-03:00","ip":"200.124.64.20","ultima_edicao":"2025-05-27T13:33:28.118677-03:00","tipo":7,"regime_tramitacao":1,"tipo_origem_externa":null,"local_origem_externa":null,"user":8,"anexadas":[],"autores":[55,41,22,54,23,24,28,26,56,57,53,52,30]}