{"id":3881,"__str__":"REQUERIMENTO n\u00ba 27 de 2025","link_detail_backend":"/materia/3881","metadata":{"signs":{"texto_original":{"admin":[],"autores":[["Jose Benedito de Oliveira Machado",["2025-04-14T11:35:28-04:00","ICP-Brasil"]]]}}},"numero":27,"ano":2025,"numero_protocolo":408,"data_apresentacao":"2025-04-10","tipo_apresentacao":"","data_publicacao":null,"numero_origem_externa":"","ano_origem_externa":null,"data_origem_externa":null,"apelido":"","dias_prazo":null,"data_fim_prazo":null,"em_tramitacao":true,"polemica":false,"objeto":"","complementar":false,"ementa":"O Vereador que a esta subscreve nos termos regimentais vigentes depois de ter ouvido o Plen\u00e1rio, REQUER \u00c0 MESA DIRETORA, que seja encaminhado expediente ao Prefeito Municipal, Sr. LEANDRO FERREIRA LUIZ FEDOSSI, e a Secret\u00e1ria Municipal de Sa\u00fade Sra. JOZELI CHULLI DA SILVA MARTINS, requerendo informa\u00e7\u00f5es sobre a frota de ve\u00edculos vinculados \u00e0 Secretaria Municipal de Sa\u00fade:\r\n- Rela\u00e7\u00e3o completa da frota de ve\u00edculos, contendo, individualmente, as seguintes\r\nespecifica\u00e7\u00f5es:\r\na) Marca;\r\nb) Ano de fabrica\u00e7\u00e3o e/ou modelo;\r\nc) Tipo (ambul\u00e2ncia, ve\u00edculo de transporte sanit\u00e1rio, administrativo, etc.);\r\nd) Situa\u00e7\u00e3o atual de funcionamento (em opera\u00e7\u00e3o ou inoperante/quebrado);\r\ne) Destina\u00e7\u00e3o/utiliza\u00e7\u00e3o do ve\u00edculo (atendimento exclusivo no munic\u00edpio, viagens\r\nintermunicipais/estaduais ou viagens interestaduais).\r\n- Em rela\u00e7\u00e3o aos ve\u00edculos inoperantes, quebrados ou em manuten\u00e7\u00e3o, que seja\r\nespecificado:\r\na) Tempo de inatividade;\r\nb) Motivo da paralisa\u00e7\u00e3o;\r\nc) Previs\u00e3o de conserto ou baixa do patrim\u00f4nio p\u00fablico.","indexacao":"","observacao":"","resultado":"","texto_original":"http://sapl.novaandradina.ms.leg.br/media/sapl/public/materialegislativa/2025/3881/req_27_dito.pdf","data_ultima_atualizacao":"2025-04-14T13:56:20.604498-03:00","ip":"200.124.64.20","ultima_edicao":"2025-04-14T13:56:20.323982-03:00","tipo":3,"regime_tramitacao":1,"tipo_origem_externa":null,"local_origem_externa":null,"user":8,"anexadas":[],"autores":[54]}