{"id":3862,"__str__":"INDICA\u00c7\u00c3O n\u00ba 164 de 2025","link_detail_backend":"/materia/3862","metadata":{"signs":{"texto_original":{"admin":[],"autores":[["Gabriela Carneiro Delgado",["2025-04-14T10:57:55-04:00","ICP-Brasil"]]]}}},"numero":164,"ano":2025,"numero_protocolo":389,"data_apresentacao":"2025-04-10","tipo_apresentacao":"","data_publicacao":null,"numero_origem_externa":"","ano_origem_externa":null,"data_origem_externa":null,"apelido":"","dias_prazo":null,"data_fim_prazo":null,"em_tramitacao":true,"polemica":false,"objeto":"","complementar":false,"ementa":"A Vereadora que a esta subscreve, nos termos regimentais vigentes, depois de ouvido o Plen\u00e1rio, INDICA \u00c0 MESA DIRETORA, que seja encaminhado expediente ao Prefeito Municipal, Sr. LEANDRO FERREIRA LUIZ FEDOSSI, a Secret\u00e1ria Municipal de Cidadania e Assist\u00eancia Social, Sra. MARIA APARECIDA CORREA DOS SANTOS VALDEZ, e ao Diretor do DEMTRAN, Sr. PEDRO GOMES SOARES, indicando a cria\u00e7\u00e3o do Projeto da Guarda Mirim Municipal.","indexacao":"","observacao":"","resultado":"","texto_original":"http://sapl.novaandradina.ms.leg.br/media/sapl/public/materialegislativa/2025/3862/ind_164_gabi.pdf","data_ultima_atualizacao":"2025-04-15T08:44:42.934187-03:00","ip":"200.124.64.20","ultima_edicao":"2025-04-15T08:44:42.747985-03:00","tipo":8,"regime_tramitacao":1,"tipo_origem_externa":null,"local_origem_externa":null,"user":8,"anexadas":[],"autores":[24]}