{"id":3856,"__str__":"PROJETO DE LEI COMPLEMENTAR DO EXECUTIVO n\u00ba 4 de 2025","link_detail_backend":"/materia/3856","metadata":{"signs":{"texto_original":{"admin":[],"autores":[["Leandro Ferreira Luiz Fedossi",["2025-04-03T10:56:20-04:00","ICP-Brasil"]]]}}},"numero":4,"ano":2025,"numero_protocolo":383,"data_apresentacao":"2025-04-03","tipo_apresentacao":"","data_publicacao":null,"numero_origem_externa":"","ano_origem_externa":null,"data_origem_externa":null,"apelido":"","dias_prazo":null,"data_fim_prazo":null,"em_tramitacao":true,"polemica":false,"objeto":"","complementar":false,"ementa":"Regulamenta o art. 5\u00ba da Lei Complementar n\u00ba 268, de 11 de novembro de 2021, para disciplinar a ades\u00e3o ao Regime de Previd\u00eancia Complementar (RPC) pelos servidores p\u00fablicos titulares de cargos efetivos e pelos membros dos Poderes Executivo e Legislativo do Munic\u00edpio de Nova Andradina.","indexacao":"","observacao":"","resultado":"","texto_original":"http://sapl.novaandradina.ms.leg.br/media/sapl/public/materialegislativa/2025/3856/projeto_de_lei_complementar_4-2025_-_previdencia_complementar.pdf","data_ultima_atualizacao":"2025-04-03T14:04:52.822488-03:00","ip":"","ultima_edicao":null,"tipo":10,"regime_tramitacao":1,"tipo_origem_externa":null,"local_origem_externa":null,"user":null,"anexadas":[],"autores":[20]}