{"id":3833,"__str__":"MO\u00c7\u00c3O n\u00ba 13 de 2025","link_detail_backend":"/materia/3833","metadata":{"signs":{"texto_original":{"admin":[],"autores":[["Adelar Belo",["2025-04-14T12:07:02-04:00","ICP-Brasil"]],["Alessandro Moreira Chaves",["2025-04-14T11:26:44-04:00","ICP-Brasil"]],["Edeildo Goncalves dos Santos",["2025-04-14T11:46:02-04:00","ICP-Brasil"]],["Fabio Zanata",["2025-04-14T10:50:34-04:00","ICP-Brasil"]],["Gabriela Carneiro Delgado",["2025-04-14T10:54:07-04:00","ICP-Brasil"]],["Jose Benedito de Oliveira Machado",["2025-04-14T11:31:23-04:00","ICP-Brasil"]],["Josenildo do Nascimento",["2025-04-14T12:01:04-04:00","ICP-Brasil"]],["Luciano Leal de Sousa",["2025-04-14T12:26:26-04:00","ICP-Brasil - Certificado PF A3"]],["Marcia Batista Lobo Grigolo",["2025-04-14T12:19:22-04:00","ICP-Brasil"]],["Naleu Cavalcante",["2025-04-14T11:56:04-04:00","ICP-Brasil"]],["Quemuel de Alencar Florentino",["2025-04-14T12:46:02-04:00","ICP-Brasil"]],["Willian da Silva Moraes",["2025-04-14T12:37:49-03:00","ICP-Brasil"]],["Wilson Almeida da Silva",["2025-04-14T12:37:29-04:00","ICP-Brasil"]]]}}},"numero":13,"ano":2025,"numero_protocolo":340,"data_apresentacao":"2025-04-03","tipo_apresentacao":"","data_publicacao":null,"numero_origem_externa":"","ano_origem_externa":null,"data_origem_externa":null,"apelido":"","dias_prazo":null,"data_fim_prazo":null,"em_tramitacao":true,"polemica":false,"objeto":"","complementar":false,"ementa":"Os Vereadores e as Vereadoras que a esta subscrevem nos termos regimentais vigentes, depois de ouvido o Plen\u00e1rio, REQUEREM \u00c0 MESA DIRETORA, que seja encaminhada MO\u00c7\u00c3O DE PARABENIZA\u00c7\u00c3O a SUSCOMISS\u00c3O DE DEFESA DO DIREITO DA PESSOA COM AUTISMO DA 7\u00aa Subse\u00e7\u00e3o da OAB de Nova Andradina-MS.","indexacao":"","observacao":"","resultado":"","texto_original":"http://sapl.novaandradina.ms.leg.br/media/sapl/public/materialegislativa/2025/3833/13_-_mocao_de_parabenizacao_-__adelar_dito_naleu.pdf","data_ultima_atualizacao":"2025-04-14T14:17:01.687122-03:00","ip":"200.124.64.20","ultima_edicao":"2025-04-14T14:16:34.296363-03:00","tipo":7,"regime_tramitacao":1,"tipo_origem_externa":null,"local_origem_externa":null,"user":8,"anexadas":[],"autores":[55,41,22,54,23,24,28,26,56,57,53,52,30]}