{"id":3826,"__str__":"INDICA\u00c7\u00c3O n\u00ba 145 de 2025","link_detail_backend":"/materia/3826","metadata":{"signs":{"texto_original":{"admin":[],"autores":[["Jose Benedito de Oliveira Machado",["2025-04-01T09:01:25-04:00","ICP-Brasil"]],["Quemuel de Alencar Florentino",["2025-04-01T09:25:32-04:00","ICP-Brasil"]],["Wilson Almeida da Silva",["2025-04-01T08:55:48-04:00","ICP-Brasil"]]]}}},"numero":145,"ano":2025,"numero_protocolo":335,"data_apresentacao":"2025-03-28","tipo_apresentacao":"","data_publicacao":null,"numero_origem_externa":"","ano_origem_externa":null,"data_origem_externa":null,"apelido":"","dias_prazo":null,"data_fim_prazo":null,"em_tramitacao":true,"polemica":false,"objeto":"","complementar":false,"ementa":"Os Vereadores que a esta subscrevem nos termos regimentais vigentes depois de ter ouvido\r\nPlen\u00e1rio, INDICAM \u00c0 MESA DIRETORA, que seja encaminhado expediente ao Deputado\r\nEstadual, Sr. ROBERTO HASHIOKA SOLER, e ao Prefeito Municipal, Sr. LEANDRO\r\nFERREIRA LUIZ FEDOSSI, sugerindo a destina\u00e7\u00e3o de emenda parlamentar para as seguintes\r\ninstitui\u00e7\u00f5es de ensino, visando a melhoria das condi\u00e7\u00f5es de aprendizagem e o fortalecimento das\r\natividades escolares:\r\n1. Escola Municipal Efantina de Quadros \u2013 Aquisi\u00e7\u00e3o de uniformes para a banda escolar,\r\nproporcionando aos alunos melhores condi\u00e7\u00f5es para participa\u00e7\u00e3o nas atividades culturais\r\ne musicais.\r\n2. Escola Estadual Padre Anchieta \u2013 Equipamento para o laborat\u00f3rio de ci\u00eancias, a fim de\r\noferecer aos estudantes recursos adequados para o desenvolvimento de atividades pr\u00e1ticas\r\ne experimentais, essencial para o aprimoramento do ensino nas \u00e1reas de ci\u00eancias naturais.","indexacao":"","observacao":"","resultado":"","texto_original":"http://sapl.novaandradina.ms.leg.br/media/sapl/public/materialegislativa/2025/3826/ind_145_quemuel_dito_wilson.pdf","data_ultima_atualizacao":"2025-04-01T11:02:52.204544-03:00","ip":"200.124.64.20","ultima_edicao":"2025-04-01T11:02:44.419398-03:00","tipo":8,"regime_tramitacao":1,"tipo_origem_externa":null,"local_origem_externa":null,"user":8,"anexadas":[],"autores":[54,53,30]}