{"id":3779,"__str__":"MO\u00c7\u00c3O n\u00ba 10 de 2025","link_detail_backend":"/materia/3779","metadata":{"signs":{"texto_original":{"admin":[],"autores":[["Adelar Belo",["2025-03-25T09:20:20-04:00","ICP-Brasil"]],["Alessandro Moreira Chaves",["2025-03-25T09:24:59-04:00","ICP-Brasil"]],["Edeildo Goncalves dos Santos",["2025-03-25T09:33:38-04:00","ICP-Brasil"]],["Fabio Zanata",["2025-03-25T07:35:46-04:00","ICP-Brasil"]],["Gabriela Carneiro Delgado",["2025-03-25T07:48:42-04:00","ICP-Brasil"]],["Jose Benedito de Oliveira Machado",["2025-03-25T08:10:20-04:00","ICP-Brasil"]],["Josenildo do Nascimento",["2025-03-25T08:29:36-04:00","ICP-Brasil"]],["Luciano Leal de Sousa",["2025-03-25T09:05:17-04:00","ICP-Brasil - Certificado PF A3"]],["Marcia Batista Lobo Grigolo",["2025-03-25T08:52:25-04:00","ICP-Brasil"]],["Naleu Cavalcante",["2025-03-25T08:36:18-04:00","ICP-Brasil"]],["Quemuel de Alencar Florentino",["2025-03-25T08:26:02-04:00","ICP-Brasil"]],["Willian da Silva Moraes",["2025-03-25T08:01:41-03:00","ICP-Brasil"]],["Wilson Almeida da Silva",["2025-03-25T09:14:52-04:00","ICP-Brasil"]]]}}},"numero":10,"ano":2025,"numero_protocolo":255,"data_apresentacao":"2025-03-20","tipo_apresentacao":"","data_publicacao":null,"numero_origem_externa":"","ano_origem_externa":null,"data_origem_externa":null,"apelido":"","dias_prazo":null,"data_fim_prazo":null,"em_tramitacao":true,"polemica":false,"objeto":"","complementar":false,"ementa":"Os Vereadores que a esta subscrevem nos termos regimentais vigentes, depois de ouvido o Plen\u00e1rio, REQUEREM \u00c0 MESA DIRETORA, que seja encaminhada MO\u00c7\u00c3O DE PARABENIZA\u00c7\u00c3O a t\u00e9cnica de enfermagem ANA MARIA SELEGUIM, e ao motorista socorrista RODRIGO DUARTE, da equipe do Servi\u00e7o de Atendimento M\u00f3vel de Urg\u00eancia (Samu) de Nova Andradina, pela realiza\u00e7\u00e3o de um parto de emerg\u00eancia, ocorrido no dia 20 de fevereiro de 2025.","indexacao":"","observacao":"","resultado":"","texto_original":"http://sapl.novaandradina.ms.leg.br/media/sapl/public/materialegislativa/2025/3779/10_-_mocao_de_parabenizacao_-_ceara.pdf","data_ultima_atualizacao":"2025-03-25T11:11:39.515015-03:00","ip":"200.124.64.20","ultima_edicao":"2025-03-25T11:11:08.405755-03:00","tipo":7,"regime_tramitacao":1,"tipo_origem_externa":null,"local_origem_externa":null,"user":8,"anexadas":[],"autores":[55,41,22,54,23,24,28,26,56,57,53,52,30]}