{"id":3759,"__str__":"REQUERIMENTO n\u00ba 14 de 2025","link_detail_backend":"/materia/3759","metadata":{"signs":{"texto_original":{"admin":[],"autores":[["Fabio Zanata",["2025-03-18T09:35:13-04:00","ICP-Brasil"]],["Gabriela Carneiro Delgado",["2025-03-18T09:21:52-04:00","ICP-Brasil"]],["Marcia Batista Lobo Grigolo",["2025-03-18T07:53:50-04:00","ICP-Brasil"]]]}}},"numero":14,"ano":2025,"numero_protocolo":235,"data_apresentacao":"2025-03-13","tipo_apresentacao":"","data_publicacao":null,"numero_origem_externa":"","ano_origem_externa":null,"data_origem_externa":null,"apelido":"","dias_prazo":null,"data_fim_prazo":null,"em_tramitacao":true,"polemica":false,"objeto":"","complementar":false,"ementa":"As Vereadoras e o Vereador que a esta subscrevem nos termos regimentais vigentes depois de ter ouvido o Plen\u00e1rio, REQUEREM A MESA DIRETORA, que seja encaminhado expediente ao Prefeito Municipal, Sr. LEANDRO FERREIRA LUIZ FEDOSSI, e ao Secret\u00e1rio Municipal de Educa\u00e7\u00e3o, Cultura e Esporte, Sr. WAGNER CARLOS P\u00c9RIGO, solicitando informa\u00e7\u00f5es sobre a semana do Autismo:\r\na)\tQual \u00e9 a programa\u00e7\u00e3o prevista para a Semana do Autismo deste ano?\r\nb)\tHaver\u00e1 palestras, oficinas ou atividades educativas voltadas para professores e alunos?\r\nc)\tComo as escolas da rede p\u00fablica est\u00e3o sendo preparadas para participar desse evento?\r\nd)\tHaver\u00e1 divulga\u00e7\u00e3o para envolver toda a comunidade escolar e garantir ampla participa\u00e7\u00e3o?","indexacao":"","observacao":"","resultado":"","texto_original":"http://sapl.novaandradina.ms.leg.br/media/sapl/public/materialegislativa/2025/3759/req_14_marcia_gabriela_fabio.pdf","data_ultima_atualizacao":"2025-03-18T11:19:54.483542-03:00","ip":"200.124.64.20","ultima_edicao":"2025-03-18T11:19:49.933593-03:00","tipo":3,"regime_tramitacao":1,"tipo_origem_externa":null,"local_origem_externa":null,"user":10,"anexadas":[],"autores":[23,24,26]}