{"id":3757,"__str__":"INDICA\u00c7\u00c3O n\u00ba 98 de 2025","link_detail_backend":"/materia/3757","metadata":{"signs":{"texto_original":{"admin":[],"autores":[["Alessandro Moreira Chaves",["2025-03-17T12:44:36-04:00","ICP-Brasil"]],["Edeildo Goncalves dos Santos",["2025-03-18T08:55:48-04:00","ICP-Brasil"]],["Fabio Zanata",["2025-03-18T09:34:32-04:00","ICP-Brasil"]],["Gabriela Carneiro Delgado",["2025-03-18T09:19:16-04:00","ICP-Brasil"]],["Josenildo do Nascimento",["2025-03-18T08:47:35-04:00","ICP-Brasil"]],["Marcia Batista Lobo Grigolo",["2025-03-18T07:52:48-04:00","ICP-Brasil"]],["Willian da Silva Moraes",["2025-03-17T12:56:04-03:00","ICP-Brasil"]],["Wilson Almeida da Silva",["2025-03-18T08:06:25-04:00","ICP-Brasil"]]]}}},"numero":98,"ano":2025,"numero_protocolo":233,"data_apresentacao":"2025-03-13","tipo_apresentacao":"","data_publicacao":null,"numero_origem_externa":"","ano_origem_externa":null,"data_origem_externa":null,"apelido":"","dias_prazo":null,"data_fim_prazo":null,"em_tramitacao":true,"polemica":false,"objeto":"","complementar":false,"ementa":"A vereadora e os/a Vereadores/a que a esta subscrevem, nos termos regimentais vigentes, depois de ouvido o Plen\u00e1rio, INDICAM \u00c0 MESA DIRETORA, que seja encaminhado expediente ao Prefeito Municipal, Sr. LEANDRO FERREIRA LUIZ FEDOSSI, ao Secret\u00e1rio Municipal de Educa\u00e7\u00e3o, Cultura e Esporte, Sr. WAGNER CARLOS P\u00c9RIGO,  ao Secret\u00e1rio Municipal de Planejamento e Administra\u00e7\u00e3o, Sr. DAVID TRINDADE GALIEGO,  e ao Secret\u00e1rio Municipal de Finan\u00e7as e Gest\u00e3o, Sr. HERNANDES ORTIZ, solicitando:\r\na)\timplanta\u00e7\u00e3o de um Centro de Armazenamento e Distribui\u00e7\u00e3o de G\u00eaneros Aliment\u00edcios devidamente adequado, incluindo estrutura de c\u00e2mara fria, para conserva\u00e7\u00e3o e distribui\u00e7\u00e3o de alimentos s\u00f3lidos, l\u00edquidos e perec\u00edveis utilizados na prepara\u00e7\u00e3o da merenda escolar no munic\u00edpio.\r\nb)\taquisi\u00e7\u00e3o de um ve\u00edculo apropriado (ba\u00fa com refrigerador) para o transporte de alimentos perec\u00edveis e n\u00e3o perec\u00edveis destinados \u00e0s unidades escolares do munic\u00edpio.","indexacao":"","observacao":"","resultado":"","texto_original":"http://sapl.novaandradina.ms.leg.br/media/sapl/public/materialegislativa/2025/3757/ind_98_gabi_fabio_deildo_ceara_marcia_alemao_e_wilson.pdf","data_ultima_atualizacao":"2025-03-18T12:00:30.461658-03:00","ip":"200.124.64.20","ultima_edicao":"2025-03-18T12:00:18.295495-03:00","tipo":8,"regime_tramitacao":1,"tipo_origem_externa":null,"local_origem_externa":null,"user":10,"anexadas":[],"autores":[41,22,23,24,28,26,52,30]}