{"id":3741,"__str__":"MO\u00c7\u00c3O n\u00ba 8 de 2025","link_detail_backend":"/materia/3741","metadata":{"signs":{"texto_original":{"admin":[],"autores":[["Adelar Belo",["2025-03-26T09:35:56-04:00","ICP-Brasil"]],["Alessandro Moreira Chaves",["2025-03-26T09:54:28-04:00","ICP-Brasil"]],["Edeildo Goncalves dos Santos",["2025-03-26T09:45:26-04:00","ICP-Brasil"]],["Fabio Zanata:51981378120",["2025-03-26T09:02:26-04:00",""]],["Gabriela Carneiro Delgado",["2025-03-26T09:03:53-04:00","ICP-Brasil"]],["Jose Benedito de Oliveira Machado:07204286880",["2025-03-26T09:11:24-04:00",""]],["Josenildo do Nascimento",["2025-03-26T09:42:59-04:00","ICP-Brasil"]],["Luciano Leal de Sousa",["2025-03-26T09:07:34-04:00","ICP-Brasil - Certificado PF A3"]],["Marcia Batista Lobo Grigolo",["2025-03-26T09:24:29-04:00","ICP-Brasil"]],["Naleu Cavalcante",["2025-03-26T09:49:27-04:00","ICP-Brasil"]],["Quemuel de Alencar Florentino:85671940168",["2025-03-26T09:30:45-04:00",""]],["Willian da Silva Moraes",["2025-03-26T09:11:17-03:00","ICP-Brasil"]],["Wilson Almeida da Silva",["2025-03-26T09:27:32-04:00","ICP-Brasil"]]]}}},"numero":8,"ano":2025,"numero_protocolo":217,"data_apresentacao":"2025-03-10","tipo_apresentacao":"","data_publicacao":null,"numero_origem_externa":"","ano_origem_externa":null,"data_origem_externa":null,"apelido":"","dias_prazo":null,"data_fim_prazo":null,"em_tramitacao":true,"polemica":false,"objeto":"","complementar":false,"ementa":"A Vereadora que a esta subscreve nos termos regimentais vigentes, depois de ouvido o Plen\u00e1rio, REQUER \u00c0 MESA DIRETORA, que seja encaminhada MO\u00c7\u00c3O DE PARABENIZA\u00c7\u00c3O a ROSE COSTA, MARCELO SIM\u00d5ES DA SILVA E DANNY DAVALOS, e ao Diretor da FUNAEL, Sr. JOARI MARTINS pela realiza\u00e7\u00e3o do 1\u00ba. Chess Open que aconteceu em Nova Andradina nos dias 01 e 02 de mar\u00e7o de 2025.","indexacao":"","observacao":"","resultado":"","texto_original":"http://sapl.novaandradina.ms.leg.br/media/sapl/public/materialegislativa/2025/3741/08-_mocao_de_parabenizacao-_marcia.pdf","data_ultima_atualizacao":"2025-03-26T11:01:26.582658-03:00","ip":"200.124.64.20","ultima_edicao":"2025-03-26T11:00:58.508176-03:00","tipo":7,"regime_tramitacao":1,"tipo_origem_externa":null,"local_origem_externa":null,"user":8,"anexadas":[],"autores":[26]}