{"id":3732,"__str__":"PROJETO DE LEI ORDIN\u00c1RIA DO LEGISLATIVO n\u00ba 7 de 2025","link_detail_backend":"/materia/3732","metadata":{"signs":{"texto_original":{"admin":[],"autores":[["Adelar Belo:90134001168",["2025-03-25T12:49:46-04:00",""]],["Alessandro Moreira Chaves",["2025-03-25T12:43:01-04:00","ICP-Brasil"]],["Edeildo Goncalves dos Santos",["2025-03-25T12:52:39-04:00","ICP-Brasil"]],["Fabio Zanata",["2025-03-25T12:37:31-04:00","ICP-Brasil"]],["Gabriela Carneiro Delgado",["2025-03-25T12:36:24-04:00","ICP-Brasil"]],["Jose Benedito de Oliveira Machado:07204286880",["2025-03-25T12:56:36-04:00",""]],["Josenildo do Nascimento",["2025-03-25T12:51:21-04:00","ICP-Brasil"]],["Luciano Leal de Sousa",["2025-03-25T12:40:58-04:00","ICP-Brasil - Certificado PF A3"]],["Marcia Batista Lobo Grigolo",["2025-03-25T12:44:29-04:00","ICP-Brasil"]],["Naleu Cavalcante",["2025-03-25T12:55:52-04:00","ICP-Brasil"]],["Quemuel de Alencar Florentino:85671940168",["2025-03-25T12:46:14-04:00",""]],["Willian da Silva Moraes",["2025-03-25T13:04:47-03:00","ICP-Brasil"]],["Wilson Almeida da Silva",["2025-03-25T12:48:27-04:00","ICP-Brasil"]]]}}},"numero":7,"ano":2025,"numero_protocolo":146,"data_apresentacao":"2025-02-20","tipo_apresentacao":"E","data_publicacao":null,"numero_origem_externa":"","ano_origem_externa":null,"data_origem_externa":null,"apelido":"","dias_prazo":null,"data_fim_prazo":null,"em_tramitacao":false,"polemica":false,"objeto":"","complementar":false,"ementa":"PROJETO DE LEI ORDIN\u00c1RIA N\u00ba. 07, de 07 de fevereiro de 2025 que \u201cAltera a Lei 1.107, de 05 de mar\u00e7o de 2013, que Disp\u00f5e sobre a Concess\u00e3o de Di\u00e1rias aos membros do Poder Legislativo do Munic\u00edpio de Nova Andradina, seus Assessores e Servidores, e d\u00e1 outras provid\u00eancias\u201d.","indexacao":"","observacao":"","resultado":"","texto_original":"http://sapl.novaandradina.ms.leg.br/media/sapl/public/materialegislativa/2025/3732/projeto_de_lei_07_todos_vereadores.pdf","data_ultima_atualizacao":"2025-03-25T14:05:42.476244-03:00","ip":"200.124.64.20","ultima_edicao":"2025-03-25T14:05:14.711663-03:00","tipo":1,"regime_tramitacao":1,"tipo_origem_externa":null,"local_origem_externa":null,"user":10,"anexadas":[],"autores":[55,41,22,54,23,24,28,26,56,57,53,52,30]}