{"id":3589,"__str__":"REQUERIMENTO n\u00ba 99 de 2024","link_detail_backend":"/materia/3589","metadata":{"signs":{"texto_original":{"admin":[],"autores":[["Edeildo Goncalves dos Santos",["2024-12-03T10:09:04-04:00","ICP-Brasil"]]]}}},"numero":99,"ano":2024,"numero_protocolo":1523,"data_apresentacao":"2024-11-28","tipo_apresentacao":"","data_publicacao":null,"numero_origem_externa":"","ano_origem_externa":null,"data_origem_externa":null,"apelido":"","dias_prazo":null,"data_fim_prazo":null,"em_tramitacao":true,"polemica":false,"objeto":"","complementar":false,"ementa":"O Vereador que a esta subscreve nos termos regimentais vigentes, depois de ouvido o Plen\u00e1rio, REQUER \u00c0 MESA, que seja encaminhado expediente ao Prefeito Municipal, Sr. JOS\u00c9 GILBERTO GARCIA, ao Secret\u00e1rio Municipal de Sa\u00fade, Sr. LUIZ EDUARDO DE PAULA GON\u00c7ALVES, solicitando informa\u00e7\u00f5es referentes ao atendimento odontol\u00f3gico na ESF (Estrat\u00e9gia Sa\u00fade da Fam\u00edlia) do Centro Educacional:\r\na)\tQual motivo da retirada da cadeira odontol\u00f3gica da ESF?\r\nb)\tExiste perspectiva de retornar a cadeira odontol\u00f3gica ao ESF?\r\nc)\tHouve aposentadoria do/da profissional de Odontologia da ESF? \r\nd)\tQual a perspectiva para contrata\u00e7\u00e3o ou nomea\u00e7\u00e3o em concurso de profissional odontologista para o ESF?","indexacao":"","observacao":"","resultado":"","texto_original":"http://sapl.novaandradina.ms.leg.br/media/sapl/public/materialegislativa/2024/3589/req_99_deildo.pdf","data_ultima_atualizacao":"2024-12-03T14:10:31.096837-03:00","ip":"200.124.64.20","ultima_edicao":"2024-12-03T14:10:30.861800-03:00","tipo":3,"regime_tramitacao":1,"tipo_origem_externa":null,"local_origem_externa":null,"user":8,"anexadas":[],"autores":[22]}