{"id":3462,"__str__":"INDICA\u00c7\u00c3O n\u00ba 218 de 2024","link_detail_backend":"/materia/3462","metadata":{"signs":{"texto_original":{"admin":[],"autores":[["Arion Aislan de Sousa",["2024-09-16T10:11:29-04:00","ICP-Brasil"]]]}}},"numero":218,"ano":2024,"numero_protocolo":1270,"data_apresentacao":"2024-09-12","tipo_apresentacao":"","data_publicacao":null,"numero_origem_externa":"","ano_origem_externa":null,"data_origem_externa":null,"apelido":"","dias_prazo":null,"data_fim_prazo":null,"em_tramitacao":true,"polemica":false,"objeto":"","complementar":false,"ementa":"O Vereador que a esta subscreve nos termos regimentais vigentes depois de ter ouvido o Plen\u00e1rio, INDICA \u00c0 MESA DIRETORA, que seja encaminhado expediente ao Prefeito Municipal, Sr. JOS\u00c9 GILBERTO GARCIA, ao Secret\u00e1rio Municipal de Infraestrutura, Sr. J\u00daLIO C\u00c9SAR CASTRO MARQUES, e ao Secret\u00e1rio Municipal de Servi\u00e7os P\u00fablicos, Sr. ROBERTO GINELL, solicitando que seja providenciado POSTO DE RECARGAS PARA BICICLETAS EL\u00c9TRICAS ABASTECIDO POR ENERGIA SOLAR em locais p\u00fablicos como hospitais, postos de refer\u00eancia.\r\nNo que diz respeito ao uso de bicicletas el\u00e9tricas como um meio de transporte, poder\u00edamos elencar v\u00e1rias justificativas, dentre as principais \u00e9 ter uma forma de locomo\u00e7\u00e3o para pequenas dist\u00e2ncias, principalmente em centros urbanos, que n\u00e3o emite produtos poluentes, se desloca de maneira silenciosa e ocupa um espa\u00e7o consideravelmente pequeno, comparado a outros meios de transporte.\u201d","indexacao":"J\u00e1 que nossa cidade est\u00e1 com novos horizontes a frente e a demanda de espa\u00e7o na \u00e1rea central est\u00e1 em car\u00e1ter reduzido pelo ac\u00famulo de carros no nosso munic\u00edpio.","observacao":"","resultado":"","texto_original":"http://sapl.novaandradina.ms.leg.br/media/sapl/public/materialegislativa/2024/3462/ind_218_arion.pdf","data_ultima_atualizacao":"2024-09-17T09:52:08.111795-03:00","ip":"200.124.64.20","ultima_edicao":"2024-09-17T09:52:07.959185-03:00","tipo":8,"regime_tramitacao":1,"tipo_origem_externa":null,"local_origem_externa":null,"user":10,"anexadas":[],"autores":[29]}