{"id":3391,"__str__":"MO\u00c7\u00c3O n\u00ba 47 de 2024","link_detail_backend":"/materia/3391","metadata":{"signs":{"texto_original":{"admin":[],"autores":[["Alessandro Moreira Chaves",["2024-08-27T09:35:15-04:00","ICP-Brasil"]],["Antonio Tomaz de Souza",["2024-08-27T09:58:30-04:00","ICP-Brasil"]],["Arion Aislan de Sousa",["2024-08-27T10:06:46-04:00","ICP-Brasil"]],["Edeildo Goncalves dos Santos",["2024-08-27T09:30:16-04:00","ICP-Brasil"]],["Fabio Zanata",["2024-08-27T10:17:19-04:00","ICP-Brasil"]],["Gabriela Carneiro Delgado",["2024-08-27T09:38:39-04:00","ICP-Brasil"]],["Josenildo do Nascimento",["2024-08-27T11:05:29-04:00","ICP-Brasil"]],["Leandro Ferreira Luiz Fedossi",["2024-08-27T10:21:01-04:00","ICP-Brasil"]],["Marcia Batista Lobo Grigolo",["2024-08-27T09:54:04-04:00","ICP-Brasil"]],["Maria Aparecida dos Santos Correia Valdez",["2024-08-27T10:19:46-03:00","ICP-Brasil"]],["Pedro Gomes Soares",["2024-08-27T09:25:08-04:00","ICP-Brasil"]],["Wilson Almeida da Silva",["2024-08-27T09:45:25-04:00","ICP-Brasil"]]]}}},"numero":47,"ano":2024,"numero_protocolo":1060,"data_apresentacao":"2024-07-22","tipo_apresentacao":"","data_publicacao":null,"numero_origem_externa":"","ano_origem_externa":null,"data_origem_externa":null,"apelido":"","dias_prazo":null,"data_fim_prazo":null,"em_tramitacao":true,"polemica":false,"objeto":"","complementar":false,"ementa":"O Vereador que a esta subscreve nos termos regimentais vigentes, depois de ouvido o Plen\u00e1rio, REQUER \u00c0 MESA DIRETORA, que seja encaminhada MO\u00c7\u00c3O DE PARABENIZA\u00c7\u00c3O aos Jogadores do Time de Futebol do Munic\u00edpio de Nova Andradina formado exclusivamente pelos funcion\u00e1rios da  Prefeitura e C\u00e2mara municipal pela conquista do 2\u00ba. lugar na 20\u00ba COPA ASSOMASUL.","indexacao":"","observacao":"","resultado":"","texto_original":"http://sapl.novaandradina.ms.leg.br/media/sapl/public/materialegislativa/2024/3391/mocao_47_time_assomasul.pdf","data_ultima_atualizacao":"2024-08-27T13:43:15.229442-03:00","ip":"200.124.64.20","ultima_edicao":"2024-08-27T13:43:10.543311-03:00","tipo":7,"regime_tramitacao":1,"tipo_origem_externa":null,"local_origem_externa":null,"user":10,"anexadas":[],"autores":[41,49,29,21,22,2,23,24,28,20,26,27,30]}