{"id":3318,"__str__":"REQUERIMENTO n\u00ba 62 de 2024","link_detail_backend":"/materia/3318","metadata":{"signs":{"texto_original":{"admin":[],"autores":[["Arion Aislan de Sousa",["2024-06-19T08:43:28-04:00","ICP-Brasil"]],["Edeildo Goncalves dos Santos",["2024-06-19T08:59:47-03:00","ICP-Brasil"]],["Gabriela Carneiro Delgado",["2024-06-19T09:56:01-04:00","ICP-Brasil"]],["Leandro Ferreira Luiz Fedossi",["2024-06-19T09:59:35-04:00","ICP-Brasil"]],["Marcia Batista Lobo Grigolo",["2024-06-19T09:08:16-04:00","ICP-Brasil"]],["Maria Aparecida dos Santos Correia Valdez",["2024-06-19T09:56:31-03:00","ICP-Brasil"]],["Sandro Roberto Hoici",["2024-06-19T08:46:09-04:00","ICP-Brasil"]]]}}},"numero":62,"ano":2024,"numero_protocolo":854,"data_apresentacao":"2024-06-13","tipo_apresentacao":"","data_publicacao":null,"numero_origem_externa":"","ano_origem_externa":null,"data_origem_externa":null,"apelido":"","dias_prazo":null,"data_fim_prazo":null,"em_tramitacao":true,"polemica":false,"objeto":"","complementar":false,"ementa":"As Vereadoras e os Vereadores que a esta subscrevem nos termos regimentais vigentes depois de ter ouvido o plen\u00e1rio, REQUEREM A MESA DIRETORA, que seja encaminhado expediente ao Prefeito Municipal, Sr. JOS\u00c9 GILBERTO GARCIA, e ao Secret\u00e1rio Municipal de Servi\u00e7os P\u00fablicos, Sr. ROBERTO GINELL, requerendo informa\u00e7\u00f5es oficiais e atualizadas sobre o andamento da implanta\u00e7\u00e3o de lumin\u00e1rias nos postes situados no prolongamento da Rua Professora Vera L\u00facia Pigari Baptista, localizada entre a Rua Joaquim Alves de Souza e a Rua Odilon Ribeiro dos Santos:\r\n1.\tHouve desapropria\u00e7\u00e3o do trecho mencionado com apropria\u00e7\u00e3o legal do munic\u00edpio?\r\n2.\tStatus atual dos levantamentos necess\u00e1rios para a implanta\u00e7\u00e3o das lumin\u00e1rias;\r\n3.\tPrevis\u00e3o de quando ser\u00e1 realizada a instala\u00e7\u00e3o das lumin\u00e1rias no referido trecho;\r\n4.\tQuaisquer obst\u00e1culos ou desafios identificados que possam atrasar o processo, e as medidas que est\u00e3o sendo tomadas para super\u00e1-los;\r\n5.\tInforma\u00e7\u00f5es sobre o cronograma de trabalho acordado com a Energisa","indexacao":"","observacao":"","resultado":"","texto_original":"http://sapl.novaandradina.ms.leg.br/media/sapl/public/materialegislativa/2024/3318/req_62_cida_marcia_deildo_leandro_arion_gabi_sandro_marcia.pdf","data_ultima_atualizacao":"2024-06-19T11:20:40.119147-03:00","ip":"200.124.64.20","ultima_edicao":"2024-06-19T11:20:39.707822-03:00","tipo":3,"regime_tramitacao":1,"tipo_origem_externa":null,"local_origem_externa":null,"user":10,"anexadas":[],"autores":[29,21,22,20,26]}