{"id":3305,"__str__":"MO\u00c7\u00c3O n\u00ba 32 de 2024","link_detail_backend":"/materia/3305","metadata":{"signs":{"texto_original":{"admin":[],"autores":[["Alessandro Moreira Chaves",["2024-07-02T08:34:02-04:00","ICP-Brasil"]],["Antonio Tomaz de Souza",["2024-07-02T08:22:17-04:00","ICP-Brasil"]],["Arion Aislan de Sousa",["2024-07-02T07:52:32-04:00","ICP-Brasil"]],["Edeildo Goncalves dos Santos",["2024-07-02T08:44:58-04:00","ICP-Brasil"]],["Fabio Zanata",["2024-07-02T09:06:50-04:00","ICP-Brasil"]],["Gabriela Carneiro Delgado",["2024-07-02T08:16:52-04:00","ICP-Brasil"]],["Josenildo do Nascimento",["2024-07-02T12:02:00-04:00","ICP-Brasil"]],["Leandro Ferreira Luiz Fedossi",["2024-07-02T08:59:06-04:00","ICP-Brasil"]],["Marcia Batista Lobo Grigolo",["2024-07-02T08:06:29-04:00","ICP-Brasil"]],["Maria Aparecida dos Santos Correia Valdez",["2024-07-02T07:46:37-03:00","ICP-Brasil"]],["Pedro Gomes Soares",["2024-07-02T08:50:20-04:00","ICP-Brasil"]],["Sandro Roberto Hoici",["2024-07-02T07:46:31-04:00","ICP-Brasil"]],["Wilson Almeida da Silva",["2024-07-02T08:29:25-04:00","ICP-Brasil"]]]}}},"numero":32,"ano":2024,"numero_protocolo":841,"data_apresentacao":"2024-06-13","tipo_apresentacao":"","data_publicacao":null,"numero_origem_externa":"","ano_origem_externa":null,"data_origem_externa":null,"apelido":"","dias_prazo":null,"data_fim_prazo":null,"em_tramitacao":true,"polemica":false,"objeto":"","complementar":false,"ementa":"O Vereador que a esta subscreve nos termos regimentais vigentes, depois de ouvido o Plen\u00e1rio, REQUER \u00c0 MESA DIRETORA, que seja encaminhada MO\u00c7\u00c3O DE PARABENIZA\u00c7\u00c3O a cantora J\u00daLIA NEVES pelo seu desenvolvimento musical e eleva\u00e7\u00e3o do nome de Nova Andradina e microrregi\u00e3o para o cen\u00e1rio musical nacional.","indexacao":"","observacao":"","resultado":"","texto_original":"http://sapl.novaandradina.ms.leg.br/media/sapl/public/materialegislativa/2024/3305/mocao_32_julia_neves.pdf","data_ultima_atualizacao":"2024-07-02T13:59:27.889915-03:00","ip":"200.124.64.20","ultima_edicao":"2024-07-02T13:59:23.265221-03:00","tipo":7,"regime_tramitacao":1,"tipo_origem_externa":null,"local_origem_externa":null,"user":10,"anexadas":[],"autores":[41,49,29,21,22,2,23,24,28,20,26,27,30]}