{"id":3303,"__str__":"PARECER DAS COMISS\u00d5ES PERMANENTES n\u00ba 29 de 2024","link_detail_backend":"/materia/3303","metadata":{"signs":{"texto_original":{"admin":[],"autores":[["Gabriela Carneiro Delgado",["2024-06-11T08:33:45-04:00","ICP-Brasil"]],["Marcia Batista Lobo Grigolo",["2024-06-11T08:28:12-04:00","ICP-Brasil"]],["Sandro Roberto Hoici",["2024-06-11T08:25:50-04:00","ICP-Brasil"]]]}}},"numero":29,"ano":2024,"numero_protocolo":834,"data_apresentacao":"2024-06-11","tipo_apresentacao":"E","data_publicacao":null,"numero_origem_externa":"","ano_origem_externa":null,"data_origem_externa":null,"apelido":"","dias_prazo":null,"data_fim_prazo":null,"em_tramitacao":false,"polemica":false,"objeto":"","complementar":false,"ementa":"PARECER DAS COMISS\u00d5ES DE JUSTI\u00c7A E REDA\u00c7\u00c3O N\u00ba. 29, DE 10 DE JUNHO DE 2024.\r\nASSUNTO: PROJETO DE LEI ORDIN\u00c1RIA N\u00ba. 13, de 23 de Maio de 2024 que \u201cInstitui o \u201cDia do Evang\u00e9lico\u201d no Munic\u00edpio de Nova Andradina, e d\u00e1 outras provid\u00eancias\u201d.","indexacao":"","observacao":"","resultado":"","texto_original":"http://sapl.novaandradina.ms.leg.br/media/sapl/public/materialegislativa/2024/3303/parecer_no_29-2024_-_pl_13_wilson.pdf","data_ultima_atualizacao":"2024-06-11T11:38:37.738037-03:00","ip":"200.124.64.20","ultima_edicao":"2024-06-11T11:38:37.679057-03:00","tipo":18,"regime_tramitacao":1,"tipo_origem_externa":null,"local_origem_externa":null,"user":8,"anexadas":[],"autores":[13]}