{"id":3301,"__str__":"PARECER DAS COMISS\u00d5ES PERMANENTES n\u00ba 27 de 2024","link_detail_backend":"/materia/3301","metadata":{"signs":{"texto_original":{"admin":[],"autores":[["Gabriela Carneiro Delgado:01270480146",["2024-06-11T08:31:03-04:00",""]],["Marcia Batista Lobo Grigolo",["2024-06-11T08:27:18-04:00","ICP-Brasil"]],["Sandro Roberto Hoici",["2024-06-11T08:24:47-04:00","ICP-Brasil"]]]}}},"numero":27,"ano":2024,"numero_protocolo":830,"data_apresentacao":"2024-06-11","tipo_apresentacao":"E","data_publicacao":null,"numero_origem_externa":"","ano_origem_externa":null,"data_origem_externa":null,"apelido":"","dias_prazo":null,"data_fim_prazo":null,"em_tramitacao":false,"polemica":false,"objeto":"","complementar":false,"ementa":"PARECER DAS COMISS\u00d5ES DE JUSTI\u00c7A E REDA\u00c7\u00c3ON\u00ba. 27, DE 10 DE JUNHO DE 2024ASSUNTO: PROJETO DE LEI ORDIN\u00c1RIA N\u00ba. 11, DE 17 DE MAIO 2024 que \u201cDisp\u00f5e sobre a denomina\u00e7\u00e3o da Ala NEONATAL DE UTI DO HOSPITAL REGIONAL FRANCISCO DANTAS MANI\u00c7OBA, Munic\u00edpio de Nova Andradina, Estado de Mato Grosso do Sul, que passa a ter a seguinte denomina\u00e7\u00e3o \u201cALA DE UTI NEONATAL, DRA. FILOMENA SOARES SAY\u00c3O, e d\u00e1 outras provid\u00eancias\u201d.","indexacao":"","observacao":"","resultado":"","texto_original":"http://sapl.novaandradina.ms.leg.br/media/sapl/public/materialegislativa/2024/3301/parecer_no_27-2024_-_pl_11_deildo.pdf","data_ultima_atualizacao":"2024-06-11T11:35:33.260913-03:00","ip":"200.124.64.20","ultima_edicao":"2024-06-11T11:35:33.203443-03:00","tipo":18,"regime_tramitacao":1,"tipo_origem_externa":null,"local_origem_externa":null,"user":8,"anexadas":[],"autores":[13]}