{"id":3266,"__str__":"PROJETO DE LEI ORDIN\u00c1RIA DO LEGISLATIVO n\u00ba 13 de 2024","link_detail_backend":"/materia/3266","metadata":{"signs":{"texto_original":{"admin":[],"autores":[["Pedro Gomes Soares",["2024-05-28T10:26:21-04:00","ICP-Brasil"]],["Wilson Almeida da Silva",["2024-05-28T10:52:26-04:00","ICP-Brasil"]]]}}},"numero":13,"ano":2024,"numero_protocolo":759,"data_apresentacao":"2024-05-24","tipo_apresentacao":"","data_publicacao":null,"numero_origem_externa":"","ano_origem_externa":null,"data_origem_externa":null,"apelido":"","dias_prazo":null,"data_fim_prazo":null,"em_tramitacao":true,"polemica":false,"objeto":"","complementar":false,"ementa":"\u201cInstitui o \u201cDia do Evang\u00e9lico\u201d no Munic\u00edpio de Nova Andradina, e d\u00e1 outras provid\u00eancias\u201d.","indexacao":"","observacao":"","resultado":"","texto_original":"http://sapl.novaandradina.ms.leg.br/media/sapl/public/materialegislativa/2024/3266/projeto_de_lei_no_13-2024_-_wilson_almeida.pdf","data_ultima_atualizacao":"2024-05-28T13:00:42.637883-03:00","ip":"200.124.64.20","ultima_edicao":"2024-05-28T13:00:38.759879-03:00","tipo":1,"regime_tramitacao":1,"tipo_origem_externa":null,"local_origem_externa":null,"user":8,"anexadas":[],"autores":[30]}