{"id":3182,"__str__":"MO\u00c7\u00c3O n\u00ba 18 de 2024","link_detail_backend":"/materia/3182","metadata":{"signs":{"texto_original":{"admin":[],"autores":[["Alessandro Moreira Chaves",["2024-06-10T11:56:22-04:00","ICP-Brasil"]],["Antonio Tomaz de Souza",["2024-06-10T12:12:10-04:00","ICP-Brasil"]],["Arion Aislan de Sousa",["2024-06-10T12:23:53-04:00","ICP-Brasil"]],["Edeildo Goncalves dos Santos",["2024-06-10T11:51:16-04:00","ICP-Brasil"]],["Fabio Zanata",["2024-06-10T12:47:43-04:00","ICP-Brasil"]],["Gabriela Carneiro Delgado",["2024-06-10T12:07:51-04:00","ICP-Brasil"]],["Josenildo do Nascimento",["2024-06-10T12:16:36-04:00","ICP-Brasil"]],["Leandro Ferreira Luiz Fedossi",["2024-06-10T12:42:03-04:00","ICP-Brasil"]],["Marcia Batista Lobo Grigolo",["2024-06-10T12:17:42-04:00","ICP-Brasil"]],["Maria Aparecida dos Santos Correia Valdez",["2024-06-10T12:41:59-03:00","ICP-Brasil"]],["Pedro Gomes Soares",["2024-06-10T11:31:16-04:00","ICP-Brasil"]],["Sandro Roberto Hoici",["2024-06-10T12:27:17-04:00","ICP-Brasil"]],["Wilson Almeida da Silva",["2024-06-10T12:02:11-04:00","ICP-Brasil"]]]}}},"numero":18,"ano":2024,"numero_protocolo":509,"data_apresentacao":"2024-04-18","tipo_apresentacao":"","data_publicacao":null,"numero_origem_externa":"","ano_origem_externa":null,"data_origem_externa":null,"apelido":"","dias_prazo":null,"data_fim_prazo":null,"em_tramitacao":true,"polemica":false,"objeto":"","complementar":false,"ementa":"Exmo. Sr. Presidente da C\u00e2mara Municipal de Nova Andradina \u2013 MS. O Vereador que esta subscreve, vem na forma regimental e depois de ouvido o Plen\u00e1rio desta Casa, REQUERER \u00c0 MESA DIRETORA que seja encaminhada MO\u00c7\u00c3O DE PESAR \u00e0 fam\u00edlia do jovem Diogo Nantes da Silva , vitima de acidente automobil\u00edstico em 15 de Abril de 2024 na cidade de Ponta Por\u00e3 \u2013 MS","indexacao":"","observacao":"","resultado":"","texto_original":"http://sapl.novaandradina.ms.leg.br/media/sapl/public/materialegislativa/2024/3182/mocao_18_pesar_diogo_entra_11-06.pdf","data_ultima_atualizacao":"2024-06-11T11:28:55.906182-03:00","ip":"200.124.64.20","ultima_edicao":"2024-06-11T11:28:51.858968-03:00","tipo":7,"regime_tramitacao":1,"tipo_origem_externa":null,"local_origem_externa":null,"user":8,"anexadas":[],"autores":[41,49,29,21,22,2,23,24,28,20,26,27,30]}