{"id":3042,"__str__":"MO\u00c7\u00c3O n\u00ba 7 de 2024","link_detail_backend":"/materia/3042","metadata":{"signs":{"texto_original":{"admin":[],"autores":[["Alessandro Moreira Chaves",["2024-03-19T07:56:15-04:00","ICP-Brasil"]],["Antonio Tomaz de Souza",["2024-03-19T08:13:03-04:00","ICP-Brasil"]],["Arion Aislan de Sousa",["2024-03-19T08:14:01-04:00","ICP-Brasil"]],["Edeildo Goncalves dos Santos",["2024-03-19T07:58:15-04:00","ICP-Brasil"]],["Fabio Zanata",["2024-03-19T08:30:28-04:00","ICP-Brasil"]],["Gabriela Carneiro Delgado",["2024-03-19T08:08:21-04:00","ICP-Brasil"]],["Josenildo do Nascimento",["2024-03-19T08:00:25-04:00","ICP-Brasil"]],["Leandro Ferreira Luiz Fedossi",["2024-03-19T09:03:35-04:00","ICP-Brasil"]],["Marcia Batista Lobo Grigolo",["2024-03-19T08:10:35-04:00","ICP-Brasil"]],["Maria Aparecida dos Santos Correia Valdez",["2024-03-19T08:25:21-03:00","ICP-Brasil"]],["Pedro Gomes Soares",["2024-03-19T07:49:42-04:00","ICP-Brasil"]],["Sandro Roberto Hoici",["2024-03-19T08:18:26-04:00","ICP-Brasil"]],["Wilson Almeida da Silva",["2024-03-19T08:01:50-04:00","ICP-Brasil"]]]}}},"numero":7,"ano":2024,"numero_protocolo":137,"data_apresentacao":"2024-03-01","tipo_apresentacao":"","data_publicacao":null,"numero_origem_externa":"","ano_origem_externa":null,"data_origem_externa":null,"apelido":"","dias_prazo":null,"data_fim_prazo":null,"em_tramitacao":true,"polemica":false,"objeto":"","complementar":false,"ementa":"A Vereadora que a esta subscreve nos termos regimentais vigentes, depois de ouvido o Plen\u00e1rio, REQUER \u00c0 MESA DIRETORA, que seja encaminhada MO\u00c7\u00c3O DE PARABENIZA\u00c7\u00c3O \u00e0 ADCANA (Associa\u00e7\u00e3o Desportiva de Ciclismo e Atletismo de Nova Andradina) em Comemora\u00e7\u00e3o \r\naos vinte anos de Exist\u00eancia e servi\u00e7os prestados ao Esporte de Nova Andradina e regi\u00e3o.","indexacao":"","observacao":"","resultado":"","texto_original":"http://sapl.novaandradina.ms.leg.br/media/sapl/public/materialegislativa/2024/3042/mocao_07_adcana_entra_dia_19-03-1.pdf","data_ultima_atualizacao":"2024-03-19T11:29:49.990233-03:00","ip":"200.124.64.20","ultima_edicao":"2024-03-19T11:29:41.272600-03:00","tipo":7,"regime_tramitacao":1,"tipo_origem_externa":null,"local_origem_externa":null,"user":10,"anexadas":[],"autores":[41,49,29,21,22,2,23,24,28,20,26,27,30]}