{"id":2939,"__str__":"REQUERIMENTO n\u00ba 155 de 2023","link_detail_backend":"/materia/2939","metadata":{"signs":{"texto_original":{"admin":[],"autores":[["Edeildo Goncalves dos Santos",["2023-12-13T09:10:46-04:00","ICP-Brasil"]],["Fabio Zanata",["2023-12-13T09:09:29-04:00","ICP-Brasil"]],["Gabriela Carneiro Delgado",["2023-12-13T09:19:45-04:00","ICP-Brasil"]],["Marcia Batista Lobo Grigolo",["2023-12-13T09:08:49-04:00","ICP-Brasil"]]]}}},"numero":155,"ano":2023,"numero_protocolo":2469,"data_apresentacao":"2023-12-07","tipo_apresentacao":"","data_publicacao":null,"numero_origem_externa":"","ano_origem_externa":null,"data_origem_externa":null,"apelido":"","dias_prazo":null,"data_fim_prazo":null,"em_tramitacao":true,"polemica":false,"objeto":"","complementar":false,"ementa":"Os Vereadores que a este subscrevem nos termos regimentais vigentes depois de ter ouvido o \r\nPlen\u00e1rio, REQUEREM A MESA DIRETORA, que seja encaminhado expediente ao Prefeito \r\nMunicipal, Sr. JOS\u00c9 GILBERTO GARCIA, e ao Secret\u00e1rio Municipal de Servi\u00e7os P\u00fablicos, Sr. \r\nROBERTO GINELL, requerendo as seguintes informa\u00e7\u00f5es referente a Lei n\u00ba 1.738, de 17 de junho \r\nde 2023 da Secretaria de Servi\u00e7os P\u00fablicos:\r\nA- A Lei foi sancionada por V. Excel\u00eancia?\r\nB- Se foi sancionada, os mecanismos de sinaliza\u00e7\u00e3o j\u00e1 foram instalados nas vagas para \r\n\u201cpessoas com defici\u00eancia\u201d?\r\nC- Se sim, por favor enviar os comprovantes, se n\u00e3o, quais os motivos que at\u00e9 o momento \r\nimpedem que tal feito seja conclu\u00eddo?\r\nD- Qual o prazo para que esta situa\u00e7\u00e3o seja regularizada de acordo com a lei?\r\nE- Caso o poder publico n\u00e3o tiver recursos suficientes para cumprir a legisla\u00e7\u00e3o, \r\nencaminhar justificativa, junto com a autoriza\u00e7\u00e3o, para que a comunidade (pais e respons\u00e1veis por \r\npessoas autistas) possam por conta pr\u00f3pria regularizar","indexacao":"","observacao":"","resultado":"","texto_original":"http://sapl.novaandradina.ms.leg.br/media/sapl/public/materialegislativa/2023/2939/ass_requerimento_155_-_fabio_deildo_marcia_gabi.pdf","data_ultima_atualizacao":"2023-12-13T10:23:20.063317-03:00","ip":"200.124.64.20","ultima_edicao":"2023-12-13T10:23:19.748212-03:00","tipo":3,"regime_tramitacao":1,"tipo_origem_externa":null,"local_origem_externa":null,"user":10,"anexadas":[],"autores":[22,23,24,26]}