{"id":2850,"__str__":"REQUERIMENTO n\u00ba 144 de 2023","link_detail_backend":"/materia/2850","metadata":{"signs":{"texto_original":{"admin":[],"autores":[["Gabriela Carneiro Delgado",["2023-11-21T09:02:01-04:00","ICP-Brasil"]],["Marcia Batista Lobo Grigolo",["2023-11-21T10:12:17-04:00","ICP-Brasil"]],["Maria Aparecida dos Santos Correia Valdez",["2023-11-21T08:32:30-03:00","ICP-Brasil"]]]}}},"numero":144,"ano":2023,"numero_protocolo":2322,"data_apresentacao":"2023-11-17","tipo_apresentacao":"","data_publicacao":null,"numero_origem_externa":"","ano_origem_externa":null,"data_origem_externa":null,"apelido":"","dias_prazo":null,"data_fim_prazo":null,"em_tramitacao":true,"polemica":false,"objeto":"","complementar":false,"ementa":"As Vereadoras que a esta subscrevem nos termos regimentais vigentes depois de ter ouvido o Plen\u00e1rio REQUER A MESA DIRETORA, que seja encaminhado expediente ao Secret\u00e1rio Estadual de Justi\u00e7a e Seguran\u00e7a P\u00fablica Sr. ANTONIO CARLOS VIDEIRA, solicitando informa\u00e7\u00f5es sobre a Nova Carteira de Identidade Nacional (CIN).\r\na)\tQual a previs\u00e3o de in\u00edcio desse servi\u00e7o no Munic\u00edpio de Nova Andradina?\r\nb)\t\u00c9 necess\u00e1ria alguma parceria ou contrapartida por parte do Munic\u00edpio para aderir ao servi\u00e7o?","indexacao":"","observacao":"","resultado":"","texto_original":"http://sapl.novaandradina.ms.leg.br/media/sapl/public/materialegislativa/2023/2850/requerimento_144_-_marcia__e_cida_do_ze_bugre_gabriela.pdf","data_ultima_atualizacao":"2023-11-21T14:49:52.463723-03:00","ip":"200.124.64.20","ultima_edicao":"2023-11-21T14:49:52.217885-03:00","tipo":3,"regime_tramitacao":1,"tipo_origem_externa":null,"local_origem_externa":null,"user":8,"anexadas":[],"autores":[21,24,26]}