{"id":2833,"__str__":"MO\u00c7\u00c3O n\u00ba 63 de 2023","link_detail_backend":"/materia/2833","metadata":{"signs":{"texto_original":{"admin":[],"autores":[["Alessandro Moreira Chaves",["2023-11-14T09:18:44-04:00","ICP-Brasil"]],["Arion Aislan de Sousa",["2023-11-14T09:43:06-04:00","ICP-Brasil"]],["Edeildo Goncalves dos Santos",["2023-11-14T09:02:14-04:00","ICP-Brasil"]],["Fabio Zanata",["2023-11-14T10:04:09-04:00","ICP-Brasil"]],["Gabriela Carneiro Delgado",["2023-11-14T09:26:51-04:00","ICP-Brasil"]],["Josenildo do Nascimento",["2023-11-14T09:35:22-04:00","ICP-Brasil"]],["Leandro Ferreira Luiz Fedossi",["2023-11-14T10:12:26-04:00","ICP-Brasil"]],["Marcia Batista Lobo Grigolo",["2023-11-14T09:45:35-04:00","ICP-Brasil"]],["Maria Aparecida dos Santos Correia Valdez",["2023-11-14T09:54:17-03:00","ICP-Brasil"]],["Pedro Gomes Soares",["2023-11-14T09:10:56-04:00","ICP-Brasil"]],["Sandro Roberto Hoici",["2023-11-14T11:14:45-04:00","ICP-Brasil"]],["Wilson Almeida da Silva",["2023-11-14T10:23:40-04:00","ICP-Brasil"]]]}}},"numero":63,"ano":2023,"numero_protocolo":2290,"data_apresentacao":"2023-11-10","tipo_apresentacao":"","data_publicacao":null,"numero_origem_externa":"","ano_origem_externa":null,"data_origem_externa":null,"apelido":"","dias_prazo":null,"data_fim_prazo":null,"em_tramitacao":true,"polemica":false,"objeto":"","complementar":false,"ementa":"Os Vereadores que a esta subscrevem nos termos regimentais vigentes, depois de ouvido o Plen\u00e1rio, REQUER \u00c0 MESA DIRETORA, que seja encaminhada MO\u00c7\u00c3O DE PARABENIZA\u00c7\u00c3O aos alunos do IFMS por conta da cria\u00e7\u00e3o do projeto: \u201cAPERFEI\u00c7OAMENTO E AN\u00c1LISE PEDAG\u00d3GICA DE MATERIAIS DID\u00c1TICOS CONCRETOS 3-D INCLUSIVOS PARA PESSOAS COM DEFICI\u00caNCIA VISUAL VISANDO A APRENDIZAGEM DE MODELAGEM DE SISTEMAS DE INFORMA\u00c7\u00c3O\u201d.","indexacao":"","observacao":"","resultado":"","texto_original":"http://sapl.novaandradina.ms.leg.br/media/sapl/public/materialegislativa/2023/2833/mocao_63_ifms.pdf","data_ultima_atualizacao":"2023-11-14T15:25:18.839206-03:00","ip":"200.124.64.20","ultima_edicao":"2023-11-14T15:25:10.565441-03:00","tipo":7,"regime_tramitacao":1,"tipo_origem_externa":null,"local_origem_externa":null,"user":8,"anexadas":[],"autores":[41,49,29,21,22,2,23,24,28,20,26,27,30]}