{"id":2830,"__str__":"PROJETO DE DECRETO LEGISLATIVO n\u00ba 6 de 2023","link_detail_backend":"/materia/2830","metadata":{"signs":{"texto_original":{"admin":[],"autores":[["Edeildo Goncalves dos Santos",["2023-11-14T09:04:16-04:00","ICP-Brasil"]]]}}},"numero":6,"ano":2023,"numero_protocolo":2271,"data_apresentacao":"2023-11-10","tipo_apresentacao":"","data_publicacao":null,"numero_origem_externa":"","ano_origem_externa":null,"data_origem_externa":null,"apelido":"","dias_prazo":null,"data_fim_prazo":null,"em_tramitacao":true,"polemica":false,"objeto":"","complementar":false,"ementa":"\u201cConcede T\u00edtulo de Cidad\u00e3o Honor\u00e1rio do Munic\u00edpio de Nova Andradina, Estado de Mato Grosso do Sul, ao senhor EDVALDO FERREIRA SILVA, e d\u00e1 outras provid\u00eancias\u201d.","indexacao":"","observacao":"","resultado":"","texto_original":"http://sapl.novaandradina.ms.leg.br/media/sapl/public/materialegislativa/2023/2830/projeto_de_decreto_no._06_deildo_.pdf","data_ultima_atualizacao":"2023-11-14T15:13:56.712415-03:00","ip":"200.124.64.20","ultima_edicao":"2023-11-14T15:13:56.437975-03:00","tipo":6,"regime_tramitacao":1,"tipo_origem_externa":null,"local_origem_externa":null,"user":8,"anexadas":[],"autores":[22]}