{"id":2815,"__str__":"MO\u00c7\u00c3O n\u00ba 61 de 2023","link_detail_backend":"/materia/2815","metadata":{"signs":{"texto_original":{"admin":[],"autores":[["Alessandro Moreira Chaves",["2023-11-07T11:08:30-04:00","ICP-Brasil"]],["Antonio Tomaz de Souza",["2023-11-07T12:13:30-03:00","Gov-Br"]],["Arion Aislan de Sousa",["2023-11-07T10:35:06-04:00","ICP-Brasil"]],["Edeildo Goncalves dos Santos",["2023-11-07T10:44:19-04:00","ICP-Brasil"]],["Fabio Zanata",["2023-11-07T11:20:57-04:00","ICP-Brasil"]],["Gabriela Carneiro Delgado",["2023-11-07T10:40:46-04:00","ICP-Brasil"]],["Josenildo do Nascimento",["2023-11-07T12:02:39-04:00","ICP-Brasil"]],["Leandro Ferreira Luiz Fedossi",["2023-11-07T11:32:27-04:00","ICP-Brasil"]],["Marcia Batista Lobo Grigolo",["2023-11-07T10:35:32-04:00","ICP-Brasil"]],["Maria Aparecida dos Santos Correia Valdez",["2023-11-07T11:01:01-03:00","ICP-Brasil"]],["Pedro Gomes Soares",["2023-11-07T10:47:44-04:00","ICP-Brasil"]],["Sandro Roberto Hoici",["2023-11-07T10:55:52-04:00","ICP-Brasil"]],["Wilson Almeida da Silva",["2023-11-07T10:52:24-04:00","ICP-Brasil"]]]}}},"numero":61,"ano":2023,"numero_protocolo":2228,"data_apresentacao":"2023-11-01","tipo_apresentacao":"","data_publicacao":null,"numero_origem_externa":"","ano_origem_externa":null,"data_origem_externa":null,"apelido":"","dias_prazo":null,"data_fim_prazo":null,"em_tramitacao":true,"polemica":false,"objeto":"","complementar":false,"ementa":"A Vereadora que a esta subscreve nos termos regimentais vigentes, depois de ouvido o Plen\u00e1rio, REQUER \u00c0 MESA DIRETORA, que seja encaminhada MO\u00c7\u00c3O DE PESAR aos familiares do senhor Sylvio Wagih Abdalla, ocorrido no dia 26/10/2023.","indexacao":"","observacao":"","resultado":"","texto_original":"http://sapl.novaandradina.ms.leg.br/media/sapl/public/materialegislativa/2023/2815/mocao_61-_pesar_sylvio_abdalla_assinado-1.pdf","data_ultima_atualizacao":"2023-11-07T14:01:55.353023-03:00","ip":"200.124.64.20","ultima_edicao":"2023-11-07T14:01:48.076095-03:00","tipo":7,"regime_tramitacao":1,"tipo_origem_externa":null,"local_origem_externa":null,"user":8,"anexadas":[],"autores":[41,49,29,21,22,2,23,24,28,20,26,27,30]}