{"id":2789,"__str__":"PARECER DAS COMISS\u00d5ES PERMANENTES n\u00ba 105 de 2023","link_detail_backend":"/materia/2789","metadata":{"signs":{"texto_original":{"admin":[],"autores":[["Marcia Batista Lobo Grigolo",["2023-10-24T09:52:31-04:00","ICP-Brasil"]],["Pedro Gomes Soares",["2023-10-24T08:56:19-04:00","ICP-Brasil"]],["Sandro Roberto Hoici",["2023-10-24T09:03:23-04:00","ICP-Brasil"]]]}}},"numero":105,"ano":2023,"numero_protocolo":2174,"data_apresentacao":"2023-10-24","tipo_apresentacao":"E","data_publicacao":null,"numero_origem_externa":"","ano_origem_externa":null,"data_origem_externa":null,"apelido":"","dias_prazo":null,"data_fim_prazo":null,"em_tramitacao":false,"polemica":false,"objeto":"","complementar":false,"ementa":"PARECER DA COMISS\u00c3O DE JUSTI\u00c7A E REDA\u00c7\u00c3ON\u00ba. 105, DE 23 DE OUTUBRO DE 2023\r\nASSUNTO: PROJETO DECRETO LEGISLATIVO N\u00ba.03 de 14 de setembro de 2023 que \u201cConcede T\u00edtulo de Cidad\u00e3o Honor\u00e1rio do Munic\u00edpio de Nova Andradina, Estado de Mato Grosso do Sul, ao senhor C\u00cdCERO VIEIRA BRAIS, e d\u00e1 outras provid\u00eancias\u201d.","indexacao":"","observacao":"","resultado":"","texto_original":"http://sapl.novaandradina.ms.leg.br/media/sapl/public/materialegislativa/2023/2789/parecer_no_105-2023_-_pdl_03_cida.pdf","data_ultima_atualizacao":"2023-10-24T11:44:11.019777-03:00","ip":"200.124.64.20","ultima_edicao":"2023-10-24T11:44:07.737278-03:00","tipo":18,"regime_tramitacao":1,"tipo_origem_externa":null,"local_origem_externa":null,"user":8,"anexadas":[],"autores":[13]}