{"id":2778,"__str__":"REQUERIMENTO n\u00ba 130 de 2023","link_detail_backend":"/materia/2778","metadata":{"signs":{"texto_original":{"admin":[],"autores":[["Gabriela Carneiro Delgado",["2023-10-24T08:01:20-04:00","ICP-Brasil"]]]}}},"numero":130,"ano":2023,"numero_protocolo":2134,"data_apresentacao":"2023-10-19","tipo_apresentacao":"","data_publicacao":null,"numero_origem_externa":"","ano_origem_externa":null,"data_origem_externa":null,"apelido":"","dias_prazo":null,"data_fim_prazo":null,"em_tramitacao":true,"polemica":false,"objeto":"","complementar":false,"ementa":"A Vereadora que a esta subscreve nos termos regimentais vigentes depois de ter ouvido o Plen\u00e1rio, REQUEREM A MESA DIRETORA, que seja encaminhado expediente ao Prefeito Municipal, Sr. JOS\u00c9 GILBERTO GARCIA, ao Secret\u00e1rio Municipal de Infraestrutura, Sr. J\u00daLIO C\u00c9ZAR CASTRO MARQUES, e a Secret\u00e1ria Municipal de Educa\u00e7\u00e3o e Cultura. GIULIANA MASCULI POKRYWIECKI, requer informa\u00e7\u00f5es referente ao CIT (centro de idiomas e tecnologias).\r\n1.\tPor quais motivos os ares-condicionados de algumas salas de aulas n\u00e3o est\u00e3o funcionando?\r\n2.\tO elevador que est\u00e1 quebrado, j\u00e1 foi aberto processo para resolver a situa\u00e7\u00e3o?\r\n3.\tQuando foi o \u00faltimo edital para contrata\u00e7\u00e3o de profissionais para atuar nas aulas de Espanhol e Rob\u00f3tica? Se n\u00e3o foi aberto o edital, quais foram os motivos? Qual \u00e9 a previs\u00e3o do retorno desses cursos?\r\n4.\tExiste projeto para reforma do pr\u00e9dio? Se sim, qual previs\u00e3o para ser executado?","indexacao":"","observacao":"","resultado":"","texto_original":"http://sapl.novaandradina.ms.leg.br/media/sapl/public/materialegislativa/2023/2778/requerimento_130-_gabriela.pdf","data_ultima_atualizacao":"2023-10-24T13:32:53.597433-03:00","ip":"200.124.64.20","ultima_edicao":"2023-10-24T13:32:53.404808-03:00","tipo":3,"regime_tramitacao":1,"tipo_origem_externa":null,"local_origem_externa":null,"user":8,"anexadas":[],"autores":[24]}