{"id":2773,"__str__":"INDICA\u00c7\u00c3O n\u00ba 451 de 2023","link_detail_backend":"/materia/2773","metadata":{},"numero":451,"ano":2023,"numero_protocolo":2129,"data_apresentacao":"2023-10-19","tipo_apresentacao":"","data_publicacao":null,"numero_origem_externa":"","ano_origem_externa":null,"data_origem_externa":null,"apelido":"","dias_prazo":null,"data_fim_prazo":null,"em_tramitacao":true,"polemica":false,"objeto":"","complementar":false,"ementa":"O Vereador que a esta subscreve nos termos regimentais vigentes, depois de ouvido o Plen\u00e1rio, INDICA \u00c0 MESA DIRETORA, que seja encaminhado expediente ao Prefeito Municipal, Sr. JOS\u00c9 GILBERTO GARCIA, e ao Secret\u00e1rio Municipal de Sa\u00fade, Sr. HERNANDEZ ORTIZ, reiterando a Indica\u00e7\u00e3o n\u00ba 185/2021 que solicita a viabiliza\u00e7\u00e3o para a aquisi\u00e7\u00e3o de uma m\u00e1quina fotocopiadora (xerox) para a Secretaria Municipal de Sa\u00fade, exclusivamente para atender usu\u00e1rios do SUS de Nova Andradina.","indexacao":"","observacao":"","resultado":"","texto_original":null,"data_ultima_atualizacao":"2023-10-24T13:35:44.493084-03:00","ip":"200.124.64.20","ultima_edicao":"2023-10-24T13:35:44.317495-03:00","tipo":8,"regime_tramitacao":1,"tipo_origem_externa":null,"local_origem_externa":null,"user":8,"anexadas":[],"autores":[28,30]}