{"id":2742,"__str__":"INDICA\u00c7\u00c3O n\u00ba 436 de 2023","link_detail_backend":"/materia/2742","metadata":{"signs":{"texto_original":{"admin":[],"autores":[["Maria Aparecida dos Santos Correia Valdez",["2023-10-23T12:27:44-03:00","ICP-Brasil"]]]}}},"numero":436,"ano":2023,"numero_protocolo":2057,"data_apresentacao":"2023-10-09","tipo_apresentacao":"","data_publicacao":null,"numero_origem_externa":"","ano_origem_externa":null,"data_origem_externa":null,"apelido":"","dias_prazo":null,"data_fim_prazo":null,"em_tramitacao":true,"polemica":false,"objeto":"","complementar":false,"ementa":"A Vereadora que a esta subscreve nos termos regimentais vigentes, depois de ouvido o Plen\u00e1rio, INDICA \u00c0 MESA DIRETORA que seja encaminhado expediente ao Prefeito\r\nMunicipal, Sr. JOS\u00c9 GILBERTO GARCIA, a Secret\u00e1ria Municipal de Educa\u00e7\u00e3o, Cultura e Esportes, Sra. GIULIANA MASCULI POKRYWIECKI, a Secret\u00e1ria Municipal de Assist\u00eancia Social e Cidadania, Sra. DELMA PRADO CAVALCANTE e a Diretora Presidente da Funda\u00e7\u00e3o Nova-andradinense de Cultura - FUNAC, Sra. ANA LUCIA FERREIRA VASCONCELOS, solicitando a cria\u00e7\u00e3o de um espa\u00e7o dedicado aos Pioneiros de Nova Andradina, como forma de honrar e reconhecer aqueles indiv\u00edduos not\u00e1veis que desempenharam um papel fundamental na constru\u00e7\u00e3o e desenvolvimento da nossa amada cidade.","indexacao":"","observacao":"","resultado":"","texto_original":"http://sapl.novaandradina.ms.leg.br/media/sapl/public/materialegislativa/2023/2742/ind_436_-_cida.pdf","data_ultima_atualizacao":"2023-10-24T13:33:16.230534-03:00","ip":"200.124.64.20","ultima_edicao":"2023-10-24T13:33:16.001733-03:00","tipo":8,"regime_tramitacao":1,"tipo_origem_externa":null,"local_origem_externa":null,"user":8,"anexadas":[],"autores":[21]}