{"id":2733,"__str__":"MO\u00c7\u00c3O n\u00ba 54 de 2023","link_detail_backend":"/materia/2733","metadata":{"signs":{"texto_original":{"admin":[],"autores":[["Alessandro Moreira Chaves",["2023-11-14T09:15:59-04:00","ICP-Brasil"]],["Arion Aislan de Sousa",["2023-11-14T09:41:43-04:00","ICP-Brasil"]],["Edeildo Goncalves dos Santos",["2023-11-14T09:01:15-04:00","ICP-Brasil"]],["Fabio Zanata",["2023-11-14T10:02:46-04:00","ICP-Brasil"]],["Gabriela Carneiro Delgado",["2023-11-14T09:25:43-04:00","ICP-Brasil"]],["Josenildo do Nascimento",["2023-11-14T09:34:28-04:00","ICP-Brasil"]],["Leandro Ferreira Luiz Fedossi",["2023-11-14T10:11:04-04:00","ICP-Brasil"]],["Marcia Batista Lobo Grigolo",["2023-11-14T09:44:33-04:00","ICP-Brasil"]],["Maria Aparecida dos Santos Correia Valdez",["2023-11-14T09:53:12-03:00","ICP-Brasil"]],["Pedro Gomes Soares",["2023-11-14T09:09:52-04:00","ICP-Brasil"]],["Sandro Roberto Hoici",["2023-11-14T11:13:16-04:00","ICP-Brasil"]],["Wilson Almeida da Silva",["2023-11-14T10:22:04-04:00","ICP-Brasil"]]]}}},"numero":54,"ano":2023,"numero_protocolo":2032,"data_apresentacao":"2023-10-06","tipo_apresentacao":"","data_publicacao":null,"numero_origem_externa":"","ano_origem_externa":null,"data_origem_externa":null,"apelido":"","dias_prazo":null,"data_fim_prazo":null,"em_tramitacao":true,"polemica":false,"objeto":"","complementar":false,"ementa":"O vereador que a esta subscreve nos termos regimentais vigentes, depois de ter ouvido o Plen\u00e1rio, REQUER \u00c0 MESA DIRETORA que seja encaminhada MO\u00c7\u00c3O DE PESAR; aos familiares do pastor Elias Diniz Alencar.\r\n\r\n.\r\n\r\n Nova Andradina \u2013 MS, 02 de outubro de 2023\r\n\r\n\r\n\r\nPEDRO SOARES","indexacao":"","observacao":"","resultado":"","texto_original":"http://sapl.novaandradina.ms.leg.br/media/sapl/public/materialegislativa/2023/2733/mocao_54-_pesar_pastor_elias.pdf","data_ultima_atualizacao":"2023-11-14T15:24:10.508873-03:00","ip":"200.124.64.20","ultima_edicao":"2023-11-14T15:24:02.740265-03:00","tipo":7,"regime_tramitacao":1,"tipo_origem_externa":null,"local_origem_externa":null,"user":8,"anexadas":[],"autores":[41,49,29,21,22,2,23,24,28,20,26,27,30]}