{"id":2720,"__str__":"INDICA\u00c7\u00c3O n\u00ba 428 de 2023","link_detail_backend":"/materia/2720","metadata":{"signs":{"texto_original":{"admin":[],"autores":[["Gabriela Carneiro Delgado",["2023-10-09T10:50:13-04:00","ICP-Brasil"]],["Marcia Batista Lobo Grigolo",["2023-10-09T10:55:55-04:00","ICP-Brasil"]]]}}},"numero":428,"ano":2023,"numero_protocolo":2019,"data_apresentacao":"2023-10-05","tipo_apresentacao":"","data_publicacao":null,"numero_origem_externa":"","ano_origem_externa":null,"data_origem_externa":null,"apelido":"","dias_prazo":null,"data_fim_prazo":null,"em_tramitacao":true,"polemica":false,"objeto":"","complementar":false,"ementa":"As Vereadoras que a esta subscrevem, nos termos regimentais vigentes, depois de ouvido o Plen\u00e1rio, INDICA \u00c0 MESA DIRETORA, que seja encaminhado expediente ao Presidente da C\u00e2mara Municipal de Nova Andradina, Sr. LEANDRO FERREIRA LUIZ FEDOSSI, indicando a instala\u00e7\u00e3o de Galeria das Legislaturas.","indexacao":"","observacao":"","resultado":"","texto_original":"http://sapl.novaandradina.ms.leg.br/media/sapl/public/materialegislativa/2023/2720/ind_428__-_marcia_e_gabriela.pdf","data_ultima_atualizacao":"2023-10-09T12:56:21.472540-03:00","ip":"200.124.64.20","ultima_edicao":"2023-10-09T12:56:21.188122-03:00","tipo":8,"regime_tramitacao":1,"tipo_origem_externa":null,"local_origem_externa":null,"user":8,"anexadas":[],"autores":[26]}